{"id":24943,"date":"2024-10-28T21:05:04","date_gmt":"2024-10-28T21:05:04","guid":{"rendered":"https:\/\/ecosdelsur.com\/?p=24943"},"modified":"2024-10-28T21:06:34","modified_gmt":"2024-10-28T21:06:34","slug":"en-puerto-deseado-se-reunieron-para-tratar-la-modificacion-de-la-ley-de-pesca","status":"publish","type":"post","link":"https:\/\/ecosdelsur.com\/?p=24943","title":{"rendered":"En Puerto Deseado se reunieron para tratar la modificaci\u00f3n de la Ley de Pesca"},"content":{"rendered":"<div class=\"itemToolbar2\">\n<p><span class=\"itemDateCreated\">Lunes, 28 Octubre 2024 &#8211; <\/span>En concordancia con la l\u00ednea de trabajo mancomunada que propone el gobernador de Santa Cruz, Claudio Vidal, el pasado viernes los actores vinculados a la actividad pesquera deseadense formaron parte de un encuentro encabezado por el subsecretario de Coordinaci\u00f3n Pesquera T\u00e9cnica Provincial, Fernando Marcos. La reuni\u00f3n fue coordinada por el diputado por Pueblo, Santiago Aberastain, y cont\u00f3 con presencia de los sectores clave; as\u00ed como del Poder Legislativo, del Ejecutivo y del gobierno Nacional.<img decoding=\"async\" class=\"alignnone size-large wp-image-24945 lazyload\" data-src=\"https:\/\/ecosdelsur.com\/wp-content\/uploads\/2024\/10\/IMG-20241027-WA0028-4-1024x549.jpg\" alt=\"\" width=\"800\" height=\"429\" data-srcset=\"https:\/\/ecosdelsur.com\/wp-content\/uploads\/2024\/10\/IMG-20241027-WA0028-4-scaled.jpg 1024w, https:\/\/ecosdelsur.com\/wp-content\/uploads\/2024\/10\/IMG-20241027-WA0028-4-300x161.jpg 300w, https:\/\/ecosdelsur.com\/wp-content\/uploads\/2024\/10\/IMG-20241027-WA0028-4-768x412.jpg 768w\" data-sizes=\"(max-width: 800px) 100vw, 800px\" src=\"data:image\/svg+xml;base64,PHN2ZyB3aWR0aD0iMSIgaGVpZ2h0PSIxIiB4bWxucz0iaHR0cDovL3d3dy53My5vcmcvMjAwMC9zdmciPjwvc3ZnPg==\" style=\"--smush-placeholder-width: 800px; --smush-placeholder-aspect-ratio: 800\/429;\" \/><\/p>\n<\/div>\n<div class=\"itemFullText\">\n<p>La convocatoria tuvo lugar el d\u00eda viernes por la tarde, en el Sal\u00f3n de Enfermeros de la localidad portuaria. Adem\u00e1s del equipo de trabajo de Marcos y del diputado Aberastain; se hicieron presentes representantes de la Unidad Ejecutora Portuaria (UNEPOSC); el Sindicato de Obreros Mar\u00edtimos Unidos (SOMU); Sindicato de los trabajadores de la Industria de la Alimentaci\u00f3n (STIA); el sindicato de estibadores (SUEPP), la empresa de estiba Sue\u00f1os Unidos; personal jer\u00e1rquico de la empresa pesquera Iberconsa; el diputado Nacional, Gustavo Gonz\u00e1lez; diputado por Distrito, Carlos Santi; y la concejal Vanesa Posse<img decoding=\"async\" class=\"alignnone size-full wp-image-24944 lazyload\" data-src=\"https:\/\/ecosdelsur.com\/wp-content\/uploads\/2024\/10\/0054058a24490e94ef52e3e5c911a380_XL.jpg\" alt=\"\" width=\"886\" height=\"508\" data-srcset=\"https:\/\/ecosdelsur.com\/wp-content\/uploads\/2024\/10\/0054058a24490e94ef52e3e5c911a380_XL.jpg 886w, https:\/\/ecosdelsur.com\/wp-content\/uploads\/2024\/10\/0054058a24490e94ef52e3e5c911a380_XL-300x172.jpg 300w, https:\/\/ecosdelsur.com\/wp-content\/uploads\/2024\/10\/0054058a24490e94ef52e3e5c911a380_XL-768x440.jpg 768w\" data-sizes=\"(max-width: 886px) 100vw, 886px\" src=\"data:image\/svg+xml;base64,PHN2ZyB3aWR0aD0iMSIgaGVpZ2h0PSIxIiB4bWxucz0iaHR0cDovL3d3dy53My5vcmcvMjAwMC9zdmciPjwvc3ZnPg==\" style=\"--smush-placeholder-width: 886px; --smush-placeholder-aspect-ratio: 886\/508;\" \/><\/p>\n<p>Las autoridades convocantes pusieron de manifiesto la necesidad de modificar la Ley de Pesca 1464 con el fin de mejorar la productividad de los puertos santacruce\u00f1os. Por tal motivo se explic\u00f3 los objetivos comunes que persiguen todos los sectores y a lo que se apunta con esta actualizaci\u00f3n en la legislaci\u00f3n, pensando a corto, mediano y largo plazo.<\/p>\n<p>Sin embargo, tambi\u00e9n hubo tiempo para que los trabajadores se expresaran sobre el contexto actual de la actividad ante el atento seguimiento de Marcos y Aberastain; quienes remarcaron la b\u00fasqueda de soluciones y nuevos horizontes por parte del gobernador Claudio Vidal para seguir revitalizando al sector productivo por excelencia de Puerto Deseado, y uno de los m\u00e1s importantes para Santa Cruz.<\/p>\n<\/div>\n","protected":false},"excerpt":{"rendered":"<p>Lunes, 28 Octubre 2024 &#8211; En concordancia con la l\u00ednea de trabajo mancomunada que propone el gobernador de Santa Cruz,<\/p>\n","protected":false},"author":8,"featured_media":24946,"comment_status":"closed","ping_status":"closed","sticky":false,"template":"","format":"standard","meta":{"footnotes":""},"categories":[33],"tags":[184,129,590,143,48],"class_list":["post-24943","post","type-post","status-publish","format-standard","has-post-thumbnail","hentry","category-politica","tag-claudio-vidal","tag-ecosdelsur","tag-ley-de-pesca","tag-puerto-deseado","tag-santa-cruz"],"_links":{"self":[{"href":"https:\/\/ecosdelsur.com\/index.php?rest_route=\/wp\/v2\/posts\/24943","targetHints":{"allow":["GET"]}}],"collection":[{"href":"https:\/\/ecosdelsur.com\/index.php?rest_route=\/wp\/v2\/posts"}],"about":[{"href":"https:\/\/ecosdelsur.com\/index.php?rest_route=\/wp\/v2\/types\/post"}],"author":[{"embeddable":true,"href":"https:\/\/ecosdelsur.com\/index.php?rest_route=\/wp\/v2\/users\/8"}],"replies":[{"embeddable":true,"href":"https:\/\/ecosdelsur.com\/index.php?rest_route=%2Fwp%2Fv2%2Fcomments&post=24943"}],"version-history":[{"count":0,"href":"https:\/\/ecosdelsur.com\/index.php?rest_route=\/wp\/v2\/posts\/24943\/revisions"}],"wp:featuredmedia":[{"embeddable":true,"href":"https:\/\/ecosdelsur.com\/index.php?rest_route=\/wp\/v2\/media\/24946"}],"wp:attachment":[{"href":"https:\/\/ecosdelsur.com\/index.php?rest_route=%2Fwp%2Fv2%2Fmedia&parent=24943"}],"wp:term":[{"taxonomy":"category","embeddable":true,"href":"https:\/\/ecosdelsur.com\/index.php?rest_route=%2Fwp%2Fv2%2Fcategories&post=24943"},{"taxonomy":"post_tag","embeddable":true,"href":"https:\/\/ecosdelsur.com\/index.php?rest_route=%2Fwp%2Fv2%2Ftags&post=24943"}],"curies":[{"name":"wp","href":"https:\/\/api.w.org\/{rel}","templated":true}]}}