{"id":24940,"date":"2024-10-28T20:50:09","date_gmt":"2024-10-28T20:50:09","guid":{"rendered":"https:\/\/ecosdelsur.com\/?p=24940"},"modified":"2024-10-28T20:54:10","modified_gmt":"2024-10-28T20:54:10","slug":"elmiger-el-sistema-solidario-de-la-caja-de-prevision-social-de-santa-cruz-se-sostiene-con-el-aporte-de-los-activos","status":"publish","type":"post","link":"https:\/\/ecosdelsur.com\/?p=24940","title":{"rendered":"Elmiger: \u201cEl sistema solidario de la Caja de Previsi\u00f3n Social de Santa Cruz se sostiene con el aporte de los activos\u201d"},"content":{"rendered":"<div class=\"itemToolbar2\">\n<p><span class=\"itemDateCreated\">Lunes, 28 Octubre 2024 &#8211; <\/span>As\u00ed lo subray\u00f3 la presidente del ente previsional de la provincia, Mar\u00eda Bel\u00e9n Elmiger, al destacar el rol fundamental de los trabajadores en actividad. A la vez, resalt\u00f3 la importancia de los aportes para garantizar una jubilaci\u00f3n digna.<\/p>\n<\/div>\n<div class=\"itemFullText\">\n<p>\u201cCon un sistema previsional solidario, cada trabajador en actividad forma parte de un engranaje clave que asegura el bienestar de quienes ya han cumplido su etapa laboral\u201d, destac\u00f3 la presidenta de la Caja de Previsi\u00f3n Social (CPS) de Santa Cruz, Mar\u00eda Bel\u00e9n Elmiger, y puntualiz\u00f3 que, \u201cde esa manera, se garantiza la continuidad de un sistema que beneficia a miles de santacruce\u00f1os\u201d.<\/p>\n<p>En ese contexto, es importante se\u00f1alar que a trav\u00e9s de un relevamiento realizado por el \u00e1rea de Planificaci\u00f3n y Estrategia de la CPS se evidenci\u00f3 que, a lo largo de 2024, se contabiliza un promedio de 2,50 trabajadores activos por cada pasivo.<\/p>\n<p>Elmiger record\u00f3, en ese marco, que \u201cla financiaci\u00f3n de la Caja de Previsi\u00f3n Social se sostiene por los aportes de la ley nacional N\u00ba23.966 (IVA sobre combustible y bienes personales para la sostenibilidad del sistema previsional) y la ley provincia N\u00ba2401 (coparticipaci\u00f3n provincial para la intransferibilidad de la Caja de Previsi\u00f3n), m\u00e1s los aportes personales y patronales de los trabajadores activos que contribuyen a este r\u00e9gimen\u201d.<\/p>\n<p>Por \u00faltimo, la titular de la CPS reiter\u00f3 que \u201clos trabajadores activos son el pilar fundamental que permite la continuidad de las prestaciones\u201d, y record\u00f3 que \u201clos aportes son esenciales para sostener la estructura solidaria que garantiza una jubilaci\u00f3n digna y segura para todos\u201d.<\/p>\n<\/div>\n","protected":false},"excerpt":{"rendered":"<p>Lunes, 28 Octubre 2024 &#8211; As\u00ed lo subray\u00f3 la presidente del ente previsional de la provincia, Mar\u00eda Bel\u00e9n Elmiger, al<\/p>\n","protected":false},"author":8,"featured_media":24941,"comment_status":"closed","ping_status":"closed","sticky":false,"template":"","format":"standard","meta":{"footnotes":""},"categories":[34,87],"tags":[],"class_list":["post-24940","post","type-post","status-publish","format-standard","has-post-thumbnail","hentry","category-economia","category-provinciales"],"_links":{"self":[{"href":"https:\/\/ecosdelsur.com\/index.php?rest_route=\/wp\/v2\/posts\/24940","targetHints":{"allow":["GET"]}}],"collection":[{"href":"https:\/\/ecosdelsur.com\/index.php?rest_route=\/wp\/v2\/posts"}],"about":[{"href":"https:\/\/ecosdelsur.com\/index.php?rest_route=\/wp\/v2\/types\/post"}],"author":[{"embeddable":true,"href":"https:\/\/ecosdelsur.com\/index.php?rest_route=\/wp\/v2\/users\/8"}],"replies":[{"embeddable":true,"href":"https:\/\/ecosdelsur.com\/index.php?rest_route=%2Fwp%2Fv2%2Fcomments&post=24940"}],"version-history":[{"count":0,"href":"https:\/\/ecosdelsur.com\/index.php?rest_route=\/wp\/v2\/posts\/24940\/revisions"}],"wp:featuredmedia":[{"embeddable":true,"href":"https:\/\/ecosdelsur.com\/index.php?rest_route=\/wp\/v2\/media\/24941"}],"wp:attachment":[{"href":"https:\/\/ecosdelsur.com\/index.php?rest_route=%2Fwp%2Fv2%2Fmedia&parent=24940"}],"wp:term":[{"taxonomy":"category","embeddable":true,"href":"https:\/\/ecosdelsur.com\/index.php?rest_route=%2Fwp%2Fv2%2Fcategories&post=24940"},{"taxonomy":"post_tag","embeddable":true,"href":"https:\/\/ecosdelsur.com\/index.php?rest_route=%2Fwp%2Fv2%2Ftags&post=24940"}],"curies":[{"name":"wp","href":"https:\/\/api.w.org\/{rel}","templated":true}]}}