{"id":24932,"date":"2024-10-28T20:44:37","date_gmt":"2024-10-28T20:44:37","guid":{"rendered":"https:\/\/ecosdelsur.com\/?p=24932"},"modified":"2024-10-28T20:46:18","modified_gmt":"2024-10-28T20:46:18","slug":"jornada-de-concientizacion-e-informacion","status":"publish","type":"post","link":"https:\/\/ecosdelsur.com\/?p=24932","title":{"rendered":"Actividad al aire libre con &#8220;Jornada de concientizaci\u00f3n e informaci\u00f3n&#8221;"},"content":{"rendered":"<div class=\"itemToolbar2\">\n<p><span class=\"itemDateCreated\">Lunes, 28 Octubre 2024 &#8211; <\/span>Con motivo de conmemorarse, el pasado 10 de octubre, el D\u00eda Mundial de la Salud Mental, la Secretar\u00eda de Desarrollo Social de la Municipalidad de Caleta Olivia, en conjunto con los Centros Integradores e instituciones intermedias, realizaron una actividad este s\u00e1bado en inmediaciones del Complejo Deportivo Municipal \u201cIng. Knudsen\u201d.<img decoding=\"async\" class=\"alignnone size-large wp-image-24933 lazyload\" data-src=\"https:\/\/ecosdelsur.com\/wp-content\/uploads\/2024\/10\/centro2-1024x461.jpg\" alt=\"\" width=\"800\" height=\"360\" data-srcset=\"https:\/\/ecosdelsur.com\/wp-content\/uploads\/2024\/10\/centro2-scaled.jpg 1024w, https:\/\/ecosdelsur.com\/wp-content\/uploads\/2024\/10\/centro2-300x135.jpg 300w, https:\/\/ecosdelsur.com\/wp-content\/uploads\/2024\/10\/centro2-768x346.jpg 768w\" data-sizes=\"(max-width: 800px) 100vw, 800px\" src=\"data:image\/svg+xml;base64,PHN2ZyB3aWR0aD0iMSIgaGVpZ2h0PSIxIiB4bWxucz0iaHR0cDovL3d3dy53My5vcmcvMjAwMC9zdmciPjwvc3ZnPg==\" style=\"--smush-placeholder-width: 800px; --smush-placeholder-aspect-ratio: 800\/360;\" \/><\/p>\n<\/div>\n<p>La jornada se denomin\u00f3 \u201cMovete por tu Salud Mental\u201d, y tuvo como eje principal poner en valor la realizaci\u00f3n de actividad al aire libre como parte integral de la salud f\u00edsica y mental. Estuvo a cargo de la Direcci\u00f3n de Promoci\u00f3n de Salud Mental, cuyo titular, Emiliano Berezoski, explic\u00f3 que inici\u00f3 con una mini carrera de ni\u00f1os a partir de los dos a\u00f1os, continu\u00f3 con un grupo de adultos mayores con clases de zumba y el cierre con la inauguraci\u00f3n que se estuvo trabajando durante el mes de septiembre en el marco de la concientizaci\u00f3n del suicidio.<img decoding=\"async\" class=\"alignnone size-large wp-image-24934 lazyload\" data-src=\"https:\/\/ecosdelsur.com\/wp-content\/uploads\/2024\/10\/centro1-1024x461.jpg\" alt=\"\" width=\"800\" height=\"360\" data-srcset=\"https:\/\/ecosdelsur.com\/wp-content\/uploads\/2024\/10\/centro1-scaled.jpg 1024w, https:\/\/ecosdelsur.com\/wp-content\/uploads\/2024\/10\/centro1-300x135.jpg 300w, https:\/\/ecosdelsur.com\/wp-content\/uploads\/2024\/10\/centro1-768x346.jpg 768w\" data-sizes=\"(max-width: 800px) 100vw, 800px\" src=\"data:image\/svg+xml;base64,PHN2ZyB3aWR0aD0iMSIgaGVpZ2h0PSIxIiB4bWxucz0iaHR0cDovL3d3dy53My5vcmcvMjAwMC9zdmciPjwvc3ZnPg==\" style=\"--smush-placeholder-width: 800px; --smush-placeholder-aspect-ratio: 800\/360;\" \/><\/p>\n<p>\u201cNos est\u00e1n acompa\u00f1ando el CIC Rotary 23, el CIC 17 de octubre y el CIC Centenario, a los que les agradecemos porque vinieron con los equipos de agentes sanitarios haciendo la promoci\u00f3n y prevenci\u00f3n en materia de salud, con control de signos vitales, peso, talla, presi\u00f3n, diabetes, y brindando informaci\u00f3n sobre el c\u00e1ncer de mama\u201d, explic\u00f3 Berezoski.<\/p>\n<p>Por \u00faltimo explic\u00f3 que la sociedad est\u00e1 atravesando por momentos complejos, donde se viven niveles altos de ansiedad y estr\u00e9s, tambi\u00e9n por la altura del a\u00f1o, y por ello pensaron en realizar una actividad al aire libre aprovechando los d\u00edas lindos en Caleta Olivia.<\/p>\n","protected":false},"excerpt":{"rendered":"<p>Lunes, 28 Octubre 2024 &#8211; Con motivo de conmemorarse, el pasado 10 de octubre, el D\u00eda Mundial de la Salud<\/p>\n","protected":false},"author":8,"featured_media":24935,"comment_status":"closed","ping_status":"closed","sticky":false,"template":"","format":"standard","meta":{"footnotes":""},"categories":[37],"tags":[60,129,254,287],"class_list":["post-24932","post","type-post","status-publish","format-standard","has-post-thumbnail","hentry","category-deportes","tag-caleta-olivia","tag-ecosdelsur","tag-municipio","tag-pablo-carrizo"],"_links":{"self":[{"href":"https:\/\/ecosdelsur.com\/index.php?rest_route=\/wp\/v2\/posts\/24932","targetHints":{"allow":["GET"]}}],"collection":[{"href":"https:\/\/ecosdelsur.com\/index.php?rest_route=\/wp\/v2\/posts"}],"about":[{"href":"https:\/\/ecosdelsur.com\/index.php?rest_route=\/wp\/v2\/types\/post"}],"author":[{"embeddable":true,"href":"https:\/\/ecosdelsur.com\/index.php?rest_route=\/wp\/v2\/users\/8"}],"replies":[{"embeddable":true,"href":"https:\/\/ecosdelsur.com\/index.php?rest_route=%2Fwp%2Fv2%2Fcomments&post=24932"}],"version-history":[{"count":0,"href":"https:\/\/ecosdelsur.com\/index.php?rest_route=\/wp\/v2\/posts\/24932\/revisions"}],"wp:featuredmedia":[{"embeddable":true,"href":"https:\/\/ecosdelsur.com\/index.php?rest_route=\/wp\/v2\/media\/24935"}],"wp:attachment":[{"href":"https:\/\/ecosdelsur.com\/index.php?rest_route=%2Fwp%2Fv2%2Fmedia&parent=24932"}],"wp:term":[{"taxonomy":"category","embeddable":true,"href":"https:\/\/ecosdelsur.com\/index.php?rest_route=%2Fwp%2Fv2%2Fcategories&post=24932"},{"taxonomy":"post_tag","embeddable":true,"href":"https:\/\/ecosdelsur.com\/index.php?rest_route=%2Fwp%2Fv2%2Ftags&post=24932"}],"curies":[{"name":"wp","href":"https:\/\/api.w.org\/{rel}","templated":true}]}}