{"id":24929,"date":"2024-10-28T17:23:37","date_gmt":"2024-10-28T17:23:37","guid":{"rendered":"https:\/\/ecosdelsur.com\/?p=24929"},"modified":"2024-10-28T18:25:45","modified_gmt":"2024-10-28T18:25:45","slug":"vidal-santa-cruz-debe-avanzar-con-desarrollo-propio-y-oportunidades-para-su-gente","status":"publish","type":"post","link":"https:\/\/ecosdelsur.com\/?p=24929","title":{"rendered":"Vidal: \u201cSanta Cruz debe avanzar con desarrollo propio y oportunidades para su gente\u201d"},"content":{"rendered":"<div class=\"itemToolbar2\">\n<p><span class=\"itemDateCreated\">Lunes, 28 Octubre 2024 &#8211; <\/span>El gobernador Claudio Vidal reafirm\u00f3 su compromiso con el desarrollo integral de Santa Cruz, destacando avances en obras p\u00fablicas, servicios b\u00e1sicos y la generaci\u00f3n de empleo. Durante su intervenci\u00f3n, subray\u00f3 la importancia de fortalecer la infraestructura, impulsar la econom\u00eda y garantizar oportunidades sostenibles para los santacruce\u00f1os en \u00e1reas estrat\u00e9gicas como educaci\u00f3n, turismo y producci\u00f3n.<\/p>\n<\/div>\n<div class=\"itemFullText\">\n<p>El gobernador Claudio Vidal destac\u00f3 la importancia de impulsar la obra p\u00fablica y el crecimiento econ\u00f3mico en Santa Cruz a trav\u00e9s de proyectos estrat\u00e9gicos de infraestructura, producci\u00f3n y empleo, enfocados en mejorar la vida de los santacruce\u00f1os. &#8220;Se termin\u00f3 esa \u00e9poca donde la \u00fanica pol\u00edtica de gobierno era pedirle plata al gobierno nacional para cubrir el d\u00e9ficit provincial. Ahora es tiempo de garantizar el desarrollo sostenido de Santa Cruz&#8221;, expres\u00f3.<\/p>\n<p>&nbsp;<\/p>\n<p>En ese marco, se refiri\u00f3 a las obras recientemente anunciadas \u201cque se ir\u00e1n materializando con el correr de los d\u00edas\u201d, dentro de las que se destaca el ambicioso plan de construcci\u00f3n de 1.000 viviendas en toda la provincia, que busca atender la demanda habitacional, adem\u00e1s de generar empleo y activar la econom\u00eda comercial en cada localidad, y se\u00f1al\u00f3 que \u201cla mejora en la infraestructura y el empleo son las bases de un desarrollo sostenible y de un crecimiento que perdure en el tiempo\u201d.<\/p>\n<p>\u201cAdem\u00e1s, estamos trabajando contra reloj para reactivar las represas, una obra que no podemos abandonar los santacruce\u00f1os ni el gobierno nacional, ya que genera desarrollo de futuro para el pa\u00eds&#8221;.<\/p>\n<p>&nbsp;<\/p>\n<p>El gobernador tambi\u00e9n mencion\u00f3 los esfuerzos orientados hacia la mejora y modernizaci\u00f3n de los servicios b\u00e1sicos y esenciales en la zona norte, como el nuevo acueducto en Caleta Olivia, programado para finalizar en marzo de 2025, y la planta de l\u00edquidos cloacales en Las Heras, los que calific\u00f3 como \u201cun reclamo hist\u00f3rico de la comunidad, que son solo ejemplos de c\u00f3mo nuestro gobierno apunta a mejorar la calidad de vida de los santacruce\u00f1os\u201d.<\/p>\n<p>&nbsp;<\/p>\n<p>Adem\u00e1s, enfatiz\u00f3 la importancia de las obras de infraestructura energ\u00e9tica, como la L\u00ednea de Alta Tensi\u00f3n El Pluma \u2013 Perito Moreno \u2013 Los Antiguos, actualmente en ejecuci\u00f3n, con una inversi\u00f3n de m\u00e1s de 19 millones de d\u00f3lares. Esta l\u00ednea, se\u00f1al\u00f3 Vidal, \u201cno solo permitir\u00e1 que las localidades se integren al sistema de interconectado nacional, sino que abrir\u00e1 la puerta a nuevas oportunidades de desarrollo en la regi\u00f3n, diversificando las actividades productivas en la comarca andina\u201d.<\/p>\n<p>&nbsp;<\/p>\n<p>En cuanto a las recientes gestiones realizadas en China, el gobernador destac\u00f3 el compromiso con atraer inversiones que respalden el crecimiento industrial de Santa Cruz. \u201cEl viaje a China refuerza nuestro prop\u00f3sito de industrializar la provincia, con proyectos que generen oportunidades reales en nuestras ciudades y que permitan aprovechar nuestros recursos de una manera innovadora y sostenible. Buscamos f\u00e1bricas e inversi\u00f3n de largo plazo, que den un nuevo impulso a Santa Cruz&#8221;, afirm\u00f3 el gobernador.<\/p>\n<p>&nbsp;<\/p>\n<p>En sinton\u00eda con el compromiso por el desarrollo regional, Vidal expres\u00f3 que \u201ccon total conciencia de que vivimos tiempos complejos, tanto en lo econ\u00f3mico como en lo social, necesitamos la uni\u00f3n de nuestros pueblos para desarrollar estrategias comunes\u201d, refiri\u00e9ndose a la reciente alianza estrat\u00e9gica con el gobernador de Chubut, Ignacio Torres.<\/p>\n<p>&nbsp;<\/p>\n<p>La creaci\u00f3n de una Agencia de Desarrollo Regional \u201cpermitir\u00e1 planificar de forma conjunta el aprovechamiento de recursos claves como la pesca, energ\u00eda, petr\u00f3leo y miner\u00eda\u201d, con el fin de impulsar la diversificaci\u00f3n econ\u00f3mica y generar empleo genuino, \u201cextendiendo los beneficios de los insumos y capacidades compartidas para fortalecer toda la regi\u00f3n patag\u00f3nica\u201d.<\/p>\n<p>&nbsp;<\/p>\n<p><strong>Compromiso con la educaci\u00f3n<\/strong><\/p>\n<p>&nbsp;<\/p>\n<p>En materia de educaci\u00f3n, el Gobernador mencion\u00f3 la finalizaci\u00f3n de proyectos postergados por m\u00e1s de 17 a\u00f1os, como la esperada inauguraci\u00f3n de la escuela N\u00b085 de Pico Truncado, la reparaci\u00f3n integral de los veh\u00edculos de la Escuela Agropecuaria N\u00b01 de Gobernador Gregores, adem\u00e1s de una fuerte campa\u00f1a de mejora de los sistemas de calefacci\u00f3n de distintas instituciones escolares en toda la provincia, con una importante inversi\u00f3n para la compra de equipos, nunca antes vista en la historia de Santa Cruz en tan poco tiempo.<\/p>\n<p>&nbsp;<\/p>\n<p>Con esta premisa, el Gobernador reafirm\u00f3 el compromiso de su gesti\u00f3n con el sector docente. &#8220;Si producimos podemos ser mejores, generar empleo, m\u00e1s recaudaci\u00f3n de impuestos, m\u00e1s obras, mejores sueldos. Hemos hecho un gran esfuerzo como gobierno para recomponer salarios, especialmente al sector docente. Cumplimos con los compromisos del gobierno saliente pagando la cl\u00e1usula gatillo, dialogamos y mejoramos condiciones laborales. Sabemos que avanzar en mejoras para el sector docente es una tarea que requiere constancia y visi\u00f3n a largo plazo\u201d.<\/p>\n<p>&nbsp;<\/p>\n<p>\u201cLos docentes de Santa Cruz han sido nuestra prioridad. Es claro que este esfuerzo es solo el comienzo, y que debemos seguir trabajando en condiciones dif\u00edciles, cuando los recursos nacionales que nos coparticipan caen mes tras mes, generando una fr\u00e1gil situaci\u00f3n econ\u00f3mica, por lo que debemos ser responsables a la hora de tomar decisiones\u201d, se\u00f1al\u00f3.<\/p>\n<p>&nbsp;<\/p>\n<p>\u201cSin embargo, nos mantenemos firmes en nuestro objetivo de asegurar que el crecimiento educativo y el desarrollo econ\u00f3mico vayan de la mano. Apostamos al di\u00e1logo, a no parar la educaci\u00f3n y, sobre todo, a construir una econom\u00eda basada en un desarrollo sostenido y en la fortaleza de una educaci\u00f3n p\u00fablica s\u00f3lida, que ser\u00e1 nuestra mayor garant\u00eda de progreso\u201d.<\/p>\n<\/div>\n","protected":false},"excerpt":{"rendered":"<p>Lunes, 28 Octubre 2024 &#8211; El gobernador Claudio Vidal reafirm\u00f3 su compromiso con el desarrollo integral de Santa Cruz, destacando<\/p>\n","protected":false},"author":8,"featured_media":24930,"comment_status":"closed","ping_status":"closed","sticky":false,"template":"","format":"standard","meta":{"footnotes":""},"categories":[87],"tags":[184,48],"class_list":["post-24929","post","type-post","status-publish","format-standard","has-post-thumbnail","hentry","category-provinciales","tag-claudio-vidal","tag-santa-cruz"],"_links":{"self":[{"href":"https:\/\/ecosdelsur.com\/index.php?rest_route=\/wp\/v2\/posts\/24929","targetHints":{"allow":["GET"]}}],"collection":[{"href":"https:\/\/ecosdelsur.com\/index.php?rest_route=\/wp\/v2\/posts"}],"about":[{"href":"https:\/\/ecosdelsur.com\/index.php?rest_route=\/wp\/v2\/types\/post"}],"author":[{"embeddable":true,"href":"https:\/\/ecosdelsur.com\/index.php?rest_route=\/wp\/v2\/users\/8"}],"replies":[{"embeddable":true,"href":"https:\/\/ecosdelsur.com\/index.php?rest_route=%2Fwp%2Fv2%2Fcomments&post=24929"}],"version-history":[{"count":0,"href":"https:\/\/ecosdelsur.com\/index.php?rest_route=\/wp\/v2\/posts\/24929\/revisions"}],"wp:featuredmedia":[{"embeddable":true,"href":"https:\/\/ecosdelsur.com\/index.php?rest_route=\/wp\/v2\/media\/24930"}],"wp:attachment":[{"href":"https:\/\/ecosdelsur.com\/index.php?rest_route=%2Fwp%2Fv2%2Fmedia&parent=24929"}],"wp:term":[{"taxonomy":"category","embeddable":true,"href":"https:\/\/ecosdelsur.com\/index.php?rest_route=%2Fwp%2Fv2%2Fcategories&post=24929"},{"taxonomy":"post_tag","embeddable":true,"href":"https:\/\/ecosdelsur.com\/index.php?rest_route=%2Fwp%2Fv2%2Ftags&post=24929"}],"curies":[{"name":"wp","href":"https:\/\/api.w.org\/{rel}","templated":true}]}}