{"id":24921,"date":"2024-10-27T13:07:08","date_gmt":"2024-10-27T13:07:08","guid":{"rendered":"https:\/\/ecosdelsur.com\/?p=24921"},"modified":"2024-10-27T13:14:42","modified_gmt":"2024-10-27T13:14:42","slug":"pre-laborde-grasso-recibio-a-malambistas-de-caleta-olivia","status":"publish","type":"post","link":"https:\/\/ecosdelsur.com\/?p=24921","title":{"rendered":"Pre Laborde : Grasso recibi\u00f3 a malambistas de Caleta Olivia"},"content":{"rendered":"<div class=\"itemToolbar2\">\n<p><strong><span class=\"itemDateCreated\">Viernes, 25 Octubre 2024 &#8211; <\/span><\/strong>El Intendente Pablo Grasso recibi\u00f3 este viernes a Luciano Paso y Diego Zalazar, malambistas oriundos de la ciudad santacruce\u00f1a de Caleta Olivia e integrantes de la agrupaci\u00f3n Contenci\u00f3n Malambo.<\/p>\n<\/div>\n<p>Los j\u00f3venes visitaron al jefe comunal para agradecerle el apoyo y colaboraci\u00f3n brindados en temas culturales durante su participaci\u00f3n en el Pre-Laborde, una competencia de selecci\u00f3n del Festival Nacional de Malambo que se celebra en R\u00edo Gallegos. Este evento, uno de los m\u00e1s destacados para los amantes de la danza folcl\u00f3rica en Argentina, se llevar\u00e1 a cabo este s\u00e1bado 26 de octubre, en el Polivalente de Arte.<\/p>\n<p>Luciano Paso expres\u00f3 su agradecimiento tras la reuni\u00f3n: \u201cEl se\u00f1or Intendente nos recibi\u00f3. Venimos de Caleta Olivia y somos malambistas de la agrupaci\u00f3n Contenci\u00f3n Malambo, a cargo del profesor Diego Salazar. El Intendente nos brind\u00f3 ayuda y colaboraci\u00f3n para participar de este evento cultural. El Municipio de R\u00edo Gallegos ha apoyado nuestra estad\u00eda aqu\u00ed, ya que estamos compitiendo en el Pre-Laborde que se realiza ma\u00f1ana\u201d.<\/p>\n<p>Por su parte, Diego Zalazar, comparti\u00f3 detalles de la competencia, destacando la modalidad individual en el rubro de Solista de Malambo: \u201cVenimos individualmente a participar en esta categor\u00eda del Pre-Laborde. Quiero agradecer, primero que nada, al Intendente Pablo Grasso por abrirnos las puertas de la Intendencia y por el apoyo recibido. La ayuda que nos brindaron se agradece de coraz\u00f3n\u201d.<\/p>\n<p>La jornada de ma\u00f1ana promete reunir a destacados malambistas de la regi\u00f3n en este evento que celebra la tradici\u00f3n y el talento argentino.<\/p>\n","protected":false},"excerpt":{"rendered":"<p>Viernes, 25 Octubre 2024 &#8211; El Intendente Pablo Grasso recibi\u00f3 este viernes a Luciano Paso y Diego Zalazar, malambistas oriundos<\/p>\n","protected":false},"author":8,"featured_media":24923,"comment_status":"closed","ping_status":"closed","sticky":false,"template":"","format":"standard","meta":{"footnotes":""},"categories":[38,40],"tags":[589,511,52],"class_list":["post-24921","post","type-post","status-publish","format-standard","has-post-thumbnail","hentry","category-espectaculos","category-municipales","tag-malambo","tag-pablo-grasso","tag-rio-gallegos"],"_links":{"self":[{"href":"https:\/\/ecosdelsur.com\/index.php?rest_route=\/wp\/v2\/posts\/24921","targetHints":{"allow":["GET"]}}],"collection":[{"href":"https:\/\/ecosdelsur.com\/index.php?rest_route=\/wp\/v2\/posts"}],"about":[{"href":"https:\/\/ecosdelsur.com\/index.php?rest_route=\/wp\/v2\/types\/post"}],"author":[{"embeddable":true,"href":"https:\/\/ecosdelsur.com\/index.php?rest_route=\/wp\/v2\/users\/8"}],"replies":[{"embeddable":true,"href":"https:\/\/ecosdelsur.com\/index.php?rest_route=%2Fwp%2Fv2%2Fcomments&post=24921"}],"version-history":[{"count":0,"href":"https:\/\/ecosdelsur.com\/index.php?rest_route=\/wp\/v2\/posts\/24921\/revisions"}],"wp:featuredmedia":[{"embeddable":true,"href":"https:\/\/ecosdelsur.com\/index.php?rest_route=\/wp\/v2\/media\/24923"}],"wp:attachment":[{"href":"https:\/\/ecosdelsur.com\/index.php?rest_route=%2Fwp%2Fv2%2Fmedia&parent=24921"}],"wp:term":[{"taxonomy":"category","embeddable":true,"href":"https:\/\/ecosdelsur.com\/index.php?rest_route=%2Fwp%2Fv2%2Fcategories&post=24921"},{"taxonomy":"post_tag","embeddable":true,"href":"https:\/\/ecosdelsur.com\/index.php?rest_route=%2Fwp%2Fv2%2Ftags&post=24921"}],"curies":[{"name":"wp","href":"https:\/\/api.w.org\/{rel}","templated":true}]}}