{"id":24918,"date":"2024-10-26T04:27:50","date_gmt":"2024-10-26T04:27:50","guid":{"rendered":"https:\/\/ecosdelsur.com\/?p=24918"},"modified":"2024-10-26T04:27:58","modified_gmt":"2024-10-26T04:27:58","slug":"pensando-en-2025-la-libertad-avanza-en-caleta-olivia","status":"publish","type":"post","link":"https:\/\/ecosdelsur.com\/?p=24918","title":{"rendered":"Pensando en 2025: La Libertad Avanza en Caleta Olivia"},"content":{"rendered":"<p><strong>Viernes, 25 Octubre 2024 &#8211;<\/strong> LLA Santa Cruz comenz\u00f3 su recorrido por el norte de la provincia pensando en la conformaci\u00f3n de sus espacios partidarios y en el armado electoral de cara a las elecciones legislativas de medio t\u00e9rmino del 2025.<\/p>\n<p>Tal como adelantamos durante el mes de agosto pasado, tras la confirmaci\u00f3n de LLA como partido en nuestra provincia, ha comenzado la proyecci\u00f3n de cara a las elecciones que se celebran el pr\u00f3ximo a\u00f1o, con la intenci\u00f3n de buscar una mayor representaci\u00f3n.<\/p>\n<p>Como ya han explicado desde el sector libertario\u00a0 \u201cen todas las provincias se est\u00e1 trabajando para conformar el partido, trabajo que se viene a sumar a esta conformaci\u00f3n nacional\u201d.<\/p>\n<p>En este contexto, y luego de lo que fuera la inauguraci\u00f3n del primer local partidario en la ciudad de R\u00edo gallegos, en esta ocasi\u00f3n los referentes provinciales comenzaron a recorrer la zona norte de la provincia, conversando con los referentes sobre este proyecto que seg\u00fan expresan \u201crecibe a todos aquellos que quieran abrazar las ideas de la libertad para que Argentina y Santa Cruz sean grandes nuevamente\u201d.<\/p>\n<p>La primera convocatoria se desarroll\u00f3 promediando la semana en la localidad de aleta Olivia, donde un peque\u00f1o grupo de simpatizantes de la LLA escucharon las propuestas de cara a la conformaci\u00f3n de un espacio propio en la localidad, pero tambi\u00e9n con vistas a las elecciones del a\u00f1o pr\u00f3ximo.<\/p>\n<p>En reiteradas entrevistas Jairo Guzman, presidente de la LLA en Santa Cruz, expres\u00f3 que \u201cno solo estamos conformando equipos de trabajo, el objetivo es trabajar para lograr una banca en la C\u00e1mara de Diputados, el pr\u00f3ximo a\u00f1o\u201d, al se\u00f1alar que \u201cnecesitamos tener representaci\u00f3n desde la provincia porque ac\u00e1 se eligi\u00f3 a Javier Milei, y no hay espacios que representen esas ideas actualmente\u201d.<\/p>\n<p>En esta ocasi\u00f3n, Lucas Oyarzo, tambi\u00e9n referente del espacio liberaci\u00f3n en la provincia, expuso sobre las primeras acciones junto a seguidores de Javier Milei, en la ciudad del Gorosito. \u201cVamos a impulsar una nueva sede, pronto a inaugurar, pero tambi\u00e9n comenzando a organizar todo para el a\u00f1o que viene. Conocimos a los afiliados, las ideas que tienen y como viene la batalla cultural en caleta Olivia una ciudad tan desordenada y conflictivas. La idea es impulsar a los referentes de la zona norte, aunque aun no tenemos nombres para la conducci\u00f3n del espacio en la ciudad\u201d.<\/p>\n<p>Fuente :Tiempo Sur<\/p>\n","protected":false},"excerpt":{"rendered":"<p>Viernes, 25 Octubre 2024 &#8211; LLA Santa Cruz comenz\u00f3 su recorrido por el norte de la provincia pensando en la<\/p>\n","protected":false},"author":8,"featured_media":24919,"comment_status":"closed","ping_status":"closed","sticky":false,"template":"","format":"standard","meta":{"footnotes":""},"categories":[1],"tags":[],"class_list":["post-24918","post","type-post","status-publish","format-standard","has-post-thumbnail","hentry","category-uncategorized"],"_links":{"self":[{"href":"https:\/\/ecosdelsur.com\/index.php?rest_route=\/wp\/v2\/posts\/24918","targetHints":{"allow":["GET"]}}],"collection":[{"href":"https:\/\/ecosdelsur.com\/index.php?rest_route=\/wp\/v2\/posts"}],"about":[{"href":"https:\/\/ecosdelsur.com\/index.php?rest_route=\/wp\/v2\/types\/post"}],"author":[{"embeddable":true,"href":"https:\/\/ecosdelsur.com\/index.php?rest_route=\/wp\/v2\/users\/8"}],"replies":[{"embeddable":true,"href":"https:\/\/ecosdelsur.com\/index.php?rest_route=%2Fwp%2Fv2%2Fcomments&post=24918"}],"version-history":[{"count":0,"href":"https:\/\/ecosdelsur.com\/index.php?rest_route=\/wp\/v2\/posts\/24918\/revisions"}],"wp:featuredmedia":[{"embeddable":true,"href":"https:\/\/ecosdelsur.com\/index.php?rest_route=\/wp\/v2\/media\/24919"}],"wp:attachment":[{"href":"https:\/\/ecosdelsur.com\/index.php?rest_route=%2Fwp%2Fv2%2Fmedia&parent=24918"}],"wp:term":[{"taxonomy":"category","embeddable":true,"href":"https:\/\/ecosdelsur.com\/index.php?rest_route=%2Fwp%2Fv2%2Fcategories&post=24918"},{"taxonomy":"post_tag","embeddable":true,"href":"https:\/\/ecosdelsur.com\/index.php?rest_route=%2Fwp%2Fv2%2Ftags&post=24918"}],"curies":[{"name":"wp","href":"https:\/\/api.w.org\/{rel}","templated":true}]}}