{"id":24911,"date":"2024-10-26T04:11:20","date_gmt":"2024-10-26T04:11:20","guid":{"rendered":"https:\/\/ecosdelsur.com\/?p=24911"},"modified":"2024-10-26T04:12:24","modified_gmt":"2024-10-26T04:12:24","slug":"el-intendente-recibio-a-municipales-pero-siguen-en-foja-cero","status":"publish","type":"post","link":"https:\/\/ecosdelsur.com\/?p=24911","title":{"rendered":"El intendente recibi\u00f3 a municipales pero siguen en foja cero"},"content":{"rendered":"<p><strong>Viernes, 25 Octubre 2024 &#8211; <\/strong>Desde\u00a0 el\u00a0 Medidia del viernes se vivenci\u00f3 otra agitada jornada en Caleta Olivia por el conflicto salarial que mantienen los obreros y empleados municipales con el Departamento Ejecutivo.<img decoding=\"async\" class=\"alignnone size-full wp-image-24912 lazyload\" data-src=\"https:\/\/ecosdelsur.com\/wp-content\/uploads\/2024\/10\/DSC_2654.jpg\" alt=\"\" width=\"1024\" height=\"591\" data-srcset=\"https:\/\/ecosdelsur.com\/wp-content\/uploads\/2024\/10\/DSC_2654.jpg 1024w, https:\/\/ecosdelsur.com\/wp-content\/uploads\/2024\/10\/DSC_2654-300x173.jpg 300w, https:\/\/ecosdelsur.com\/wp-content\/uploads\/2024\/10\/DSC_2654-768x443.jpg 768w\" data-sizes=\"(max-width: 1024px) 100vw, 1024px\" src=\"data:image\/svg+xml;base64,PHN2ZyB3aWR0aD0iMSIgaGVpZ2h0PSIxIiB4bWxucz0iaHR0cDovL3d3dy53My5vcmcvMjAwMC9zdmciPjwvc3ZnPg==\" style=\"--smush-placeholder-width: 1024px; --smush-placeholder-aspect-ratio: 1024\/591;\" \/><\/p>\n<p>La tensi\u00f3n solo pareci\u00f3 descomprimirse a media tarde cuando el intendente Pablo Carrizo accedi\u00f3 a recibir en su despacho a los integrantes de la mesa de negociaci\u00f3n del gremio e incluso al propio secretario general, Juli\u00e1n Carrizo.<\/p>\n<p>De todos modos, durante el encuentro que tuvo lugar entre la 15:35 y las 17:30 con la presencia de concejales, el jefe comunal no hizo ning\u00fan otro ofrecimiento salarial fundamentando ello en la situaci\u00f3n financiera del municipio.<img decoding=\"async\" class=\"alignnone size-full wp-image-24913 lazyload\" data-src=\"https:\/\/ecosdelsur.com\/wp-content\/uploads\/2024\/10\/DSC_2656.jpg\" alt=\"\" width=\"1024\" height=\"575\" data-srcset=\"https:\/\/ecosdelsur.com\/wp-content\/uploads\/2024\/10\/DSC_2656.jpg 1024w, https:\/\/ecosdelsur.com\/wp-content\/uploads\/2024\/10\/DSC_2656-300x168.jpg 300w, https:\/\/ecosdelsur.com\/wp-content\/uploads\/2024\/10\/DSC_2656-768x431.jpg 768w\" data-sizes=\"(max-width: 1024px) 100vw, 1024px\" src=\"data:image\/svg+xml;base64,PHN2ZyB3aWR0aD0iMSIgaGVpZ2h0PSIxIiB4bWxucz0iaHR0cDovL3d3dy53My5vcmcvMjAwMC9zdmciPjwvc3ZnPg==\" style=\"--smush-placeholder-width: 1024px; --smush-placeholder-aspect-ratio: 1024\/575;\" \/><\/p>\n<p>No obstante les inform\u00f3 que por ahora dejaba \u201cen suspenso\u201d el decreto por el cual se otorgaba un aumento del 20 % en dos tramos (octubre y noviembre), a la espera de la posibilidad de recibir alguna ayuda financiera del gobierno provincial para mejorar los salarios.<\/p>\n<p>Voceros del gremio interpretaron que el intendente hab\u00eda dejado \u201csin efecto\u201d el mencionado decreto, por lo cual consideraron que al menos hab\u00edan obtenido un logro en su lucha, a la espera de que a la brevedad haya una oferta que se acerque al 75 % de la recomposici\u00f3n que vienen reclamando.<img decoding=\"async\" class=\"alignnone size-full wp-image-24914 lazyload\" data-src=\"https:\/\/ecosdelsur.com\/wp-content\/uploads\/2024\/10\/DSC_2659.jpg\" alt=\"\" width=\"1024\" height=\"601\" data-srcset=\"https:\/\/ecosdelsur.com\/wp-content\/uploads\/2024\/10\/DSC_2659.jpg 1024w, https:\/\/ecosdelsur.com\/wp-content\/uploads\/2024\/10\/DSC_2659-300x176.jpg 300w, https:\/\/ecosdelsur.com\/wp-content\/uploads\/2024\/10\/DSC_2659-768x451.jpg 768w\" data-sizes=\"(max-width: 1024px) 100vw, 1024px\" src=\"data:image\/svg+xml;base64,PHN2ZyB3aWR0aD0iMSIgaGVpZ2h0PSIxIiB4bWxucz0iaHR0cDovL3d3dy53My5vcmcvMjAwMC9zdmciPjwvc3ZnPg==\" style=\"--smush-placeholder-width: 1024px; --smush-placeholder-aspect-ratio: 1024\/601;\" \/><\/p>\n<p>En tanto, desde la \u00f3ptica de los concejales, la normativa del Departamento Ejecutivo sigue desde un primer momento sin tener vigencia dado que son ellos los que deben autorizar su aplicaci\u00f3n.<\/p>\n<p>En la misma reuni\u00f3n el intendente se habr\u00eda comprometido, a trav\u00e9s de la Secretaria de Hacienda, enviar un informe del estado de las cuentas a fin de fundamentar la imposibilidad, por ahora, de acceder a un mayor requerimiento de los trabajadores.<\/p>\n<p>Con todo, las partes acordaron volver a reunirse a mediod\u00eda del martes de la semana pr\u00f3xima, en tanto que previamente, el lunes, el SOEMCO llevara a cabo una nueva asamblea de afiliados en su sede.<\/p>\n<p>Por otra parte, fuentes confiables revelaron que el intendente no ten\u00eda previsto recibir hoy a los gremialistas de la mesa de negociaci\u00f3n, pero accedi\u00f3 a ello por pedido de concejales, sobre todo del presidente del cuerpo, Facundo Belarde e incluso permiti\u00f3 el ingreso del secretario general Juli\u00e1n Carrizo, quien fue uno de los que golpe\u00f3 la puerta de acceso principal y sorpresivamente el propio intendente la abri\u00f3 e invit\u00f3 a ingresar (foto).<\/p>\n<p>Ante de ello, desde las nueve de la ma\u00f1ana, m\u00e1s de dos centenares de trabajadores hab\u00edan comenzado a concentrarse frente en el acceso al edificio central de la comuna, volviendo a bloquear con neum\u00e1ticos las calles de acceso.<\/p>\n<p>Luego del mediod\u00eda, cuando se fue incrementando la tensi\u00f3n, hubo dos quemas de cubiertas y el fuego fue extinguido por los bomberos, quienes recibieron no pocos insultos, sobre todo en la segunda ocasi\u00f3n (foto).<\/p>\n<p>Adem\u00e1s, los vecinos que residen en las inmediaciones se quejaron por el denso humo negro que ingresaba a sus casas y les dificultaba la respiraci\u00f3n.<\/p>\n<p>Por otra parte, un grupo de manifestantes tuvo la intenci\u00f3n de ir hasta el acceso norte para bloquear la Ruta 3, pero finalmente fueron contenidos por otros compa\u00f1eros, por lo cual se quedaron en el mismo lugar de la protesta mostrando pancartas que identificaban a sus sectores laborales, al tiempo que el sonido de bombos y redoblantes fue incesante.<\/p>\n","protected":false},"excerpt":{"rendered":"<p>Viernes, 25 Octubre 2024 &#8211; Desde\u00a0 el\u00a0 Medidia del viernes se vivenci\u00f3 otra agitada jornada en Caleta Olivia por el<\/p>\n","protected":false},"author":8,"featured_media":24916,"comment_status":"closed","ping_status":"closed","sticky":false,"template":"","format":"standard","meta":{"footnotes":""},"categories":[368,40],"tags":[399,60,129,254],"class_list":["post-24911","post","type-post","status-publish","format-standard","has-post-thumbnail","hentry","category-gremiales","category-municipales","tag-municipalidadcaletaolivia","tag-caleta-olivia","tag-ecosdelsur","tag-municipio"],"_links":{"self":[{"href":"https:\/\/ecosdelsur.com\/index.php?rest_route=\/wp\/v2\/posts\/24911","targetHints":{"allow":["GET"]}}],"collection":[{"href":"https:\/\/ecosdelsur.com\/index.php?rest_route=\/wp\/v2\/posts"}],"about":[{"href":"https:\/\/ecosdelsur.com\/index.php?rest_route=\/wp\/v2\/types\/post"}],"author":[{"embeddable":true,"href":"https:\/\/ecosdelsur.com\/index.php?rest_route=\/wp\/v2\/users\/8"}],"replies":[{"embeddable":true,"href":"https:\/\/ecosdelsur.com\/index.php?rest_route=%2Fwp%2Fv2%2Fcomments&post=24911"}],"version-history":[{"count":0,"href":"https:\/\/ecosdelsur.com\/index.php?rest_route=\/wp\/v2\/posts\/24911\/revisions"}],"wp:featuredmedia":[{"embeddable":true,"href":"https:\/\/ecosdelsur.com\/index.php?rest_route=\/wp\/v2\/media\/24916"}],"wp:attachment":[{"href":"https:\/\/ecosdelsur.com\/index.php?rest_route=%2Fwp%2Fv2%2Fmedia&parent=24911"}],"wp:term":[{"taxonomy":"category","embeddable":true,"href":"https:\/\/ecosdelsur.com\/index.php?rest_route=%2Fwp%2Fv2%2Fcategories&post=24911"},{"taxonomy":"post_tag","embeddable":true,"href":"https:\/\/ecosdelsur.com\/index.php?rest_route=%2Fwp%2Fv2%2Ftags&post=24911"}],"curies":[{"name":"wp","href":"https:\/\/api.w.org\/{rel}","templated":true}]}}