{"id":24906,"date":"2024-10-26T03:44:33","date_gmt":"2024-10-26T03:44:33","guid":{"rendered":"https:\/\/ecosdelsur.com\/?p=24906"},"modified":"2024-10-26T03:44:33","modified_gmt":"2024-10-26T03:44:33","slug":"recorren-predio-donde-se-instalara-el-laboratorio-tecnologico-en-caleta-olivia","status":"publish","type":"post","link":"https:\/\/ecosdelsur.com\/?p=24906","title":{"rendered":"Recorren predio donde se instalar\u00e1 el laboratorio tecnol\u00f3gico en Caleta Olivia"},"content":{"rendered":"<p><strong>Viernes, 25 Octubre 2024<\/strong> &#8211; La iniciativa del Sindicato Petrolero liderado por Rafael G\u00fcenchenen, a trav\u00e9s de la Mutual 12 de Septiembre, con el acompa\u00f1amiento de la operadora Pan American Energy y el ITBA, est\u00e1 cada vez m\u00e1s cerca y, adem\u00e1s de la capacitaci\u00f3n destinada a docentes de zona norte, se recorri\u00f3 el edificio donde se instalar\u00e1 este laboratorio tecnol\u00f3gico en la ciudad de Caleta Olivia (GUILLERMO SIGMAN NRO. 223 MZ 14 P 1 GUEMES)<img decoding=\"async\" class=\"alignnone size-full wp-image-24908 lazyload\" data-src=\"https:\/\/ecosdelsur.com\/wp-content\/uploads\/2024\/10\/464444732_938733408288059_8606736205835806776_n.jpg\" alt=\"\" width=\"1024\" height=\"619\" data-srcset=\"https:\/\/ecosdelsur.com\/wp-content\/uploads\/2024\/10\/464444732_938733408288059_8606736205835806776_n.jpg 1024w, https:\/\/ecosdelsur.com\/wp-content\/uploads\/2024\/10\/464444732_938733408288059_8606736205835806776_n-300x181.jpg 300w, https:\/\/ecosdelsur.com\/wp-content\/uploads\/2024\/10\/464444732_938733408288059_8606736205835806776_n-768x464.jpg 768w\" data-sizes=\"(max-width: 1024px) 100vw, 1024px\" src=\"data:image\/svg+xml;base64,PHN2ZyB3aWR0aD0iMSIgaGVpZ2h0PSIxIiB4bWxucz0iaHR0cDovL3d3dy53My5vcmcvMjAwMC9zdmciPjwvc3ZnPg==\" style=\"--smush-placeholder-width: 1024px; --smush-placeholder-aspect-ratio: 1024\/619;\" \/><\/p>\n<p>\u201cEstamos acompa\u00f1ando al grupo que est\u00e1 desarrollando esta primera experiencia que estamos teniendo como instituci\u00f3n en este tipo de desarrollo, coordinando el trabajo con la operadora PAE y el ITBA, que es quien aporta la docencia tecnol\u00f3gica y conocimiento, dando inicio a lo que se anunci\u00f3 hace un tiempo y est\u00e1bamos esperando ansiosos de poder concretar, que es la construcci\u00f3n de un instituto que va a ser el Tech Lab, un instituto dedicado a la ense\u00f1anza t\u00e9cnica espec\u00edficamente\u201d se\u00f1al\u00f3 Carlos Monsalvo, Secretario Gremial de Petroleros.<img decoding=\"async\" class=\"alignnone size-full wp-image-24907 lazyload\" data-src=\"https:\/\/ecosdelsur.com\/wp-content\/uploads\/2024\/10\/464244686_938733254954741_1160407849773319380_n.jpg\" alt=\"\" width=\"1024\" height=\"658\" data-srcset=\"https:\/\/ecosdelsur.com\/wp-content\/uploads\/2024\/10\/464244686_938733254954741_1160407849773319380_n.jpg 1024w, https:\/\/ecosdelsur.com\/wp-content\/uploads\/2024\/10\/464244686_938733254954741_1160407849773319380_n-300x193.jpg 300w, https:\/\/ecosdelsur.com\/wp-content\/uploads\/2024\/10\/464244686_938733254954741_1160407849773319380_n-768x494.jpg 768w\" data-sizes=\"(max-width: 1024px) 100vw, 1024px\" src=\"data:image\/svg+xml;base64,PHN2ZyB3aWR0aD0iMSIgaGVpZ2h0PSIxIiB4bWxucz0iaHR0cDovL3d3dy53My5vcmcvMjAwMC9zdmciPjwvc3ZnPg==\" style=\"--smush-placeholder-width: 1024px; --smush-placeholder-aspect-ratio: 1024\/658;\" \/><\/p>\n<p>\u201cHoy primera jornada taller para conformar esta red de escuelas y la red educativa que va a darle vida al Tech Lab que estamos construyendo en Caleta Olivia. Las expectativas son acompa\u00f1ar y seguir estimulando la educaci\u00f3n que es base del desarrollo, apuntalar al educaci\u00f3n Stem para dar herramientas a los j\u00f3venes de Santa Cruz\u201d puntualiz\u00f3 la Gerente Corporativa de Atracci\u00f3n de Talento, Aprendizaje y Desarrollo de Pan American Energy, Victoria Traverso.<\/p>\n<p>\u201cLa verdad es que es un privilegio poder acompa\u00f1ar al sindicato y la mutual en este proyecto\u201d a\u00f1adi\u00f3 la representante de PAE.<\/p>\n<p>Cabe recordar que, previamente, comenz\u00f3 en el camping petrolero el 1er Encuentro de Formaci\u00f3n Docente STEM &#8211; DISE\u00d1O DE LA RED DE ESCUELAS, facilitado por el ITBA y donde participan directivos de escuelas, docentes del campo STEM y representantes de la UNPA, CITECC y Supervisores Escolares.<\/p>\n<p>En esta oportunidad, participaron de la recorrida integrantes de Comisi\u00f3n Directiva del Sindicato Petrolero, de la Mutual 12 de Septiembre y del ITBA, junto con representantes de la operadora Pan American Energy. Posteriormente a la visita, se recorri\u00f3 la obra de construcci\u00f3n del polideportivo m\u00e1s grande de la provincia, impulsada por el Sindicato Petrolero.<\/p>\n","protected":false},"excerpt":{"rendered":"<p>Viernes, 25 Octubre 2024 &#8211; La iniciativa del Sindicato Petrolero liderado por Rafael G\u00fcenchenen, a trav\u00e9s de la Mutual 12<\/p>\n","protected":false},"author":8,"featured_media":24909,"comment_status":"closed","ping_status":"closed","sticky":false,"template":"","format":"standard","meta":{"footnotes":""},"categories":[89,368],"tags":[],"class_list":["post-24906","post","type-post","status-publish","format-standard","has-post-thumbnail","hentry","category-educacion","category-gremiales"],"_links":{"self":[{"href":"https:\/\/ecosdelsur.com\/index.php?rest_route=\/wp\/v2\/posts\/24906","targetHints":{"allow":["GET"]}}],"collection":[{"href":"https:\/\/ecosdelsur.com\/index.php?rest_route=\/wp\/v2\/posts"}],"about":[{"href":"https:\/\/ecosdelsur.com\/index.php?rest_route=\/wp\/v2\/types\/post"}],"author":[{"embeddable":true,"href":"https:\/\/ecosdelsur.com\/index.php?rest_route=\/wp\/v2\/users\/8"}],"replies":[{"embeddable":true,"href":"https:\/\/ecosdelsur.com\/index.php?rest_route=%2Fwp%2Fv2%2Fcomments&post=24906"}],"version-history":[{"count":0,"href":"https:\/\/ecosdelsur.com\/index.php?rest_route=\/wp\/v2\/posts\/24906\/revisions"}],"wp:featuredmedia":[{"embeddable":true,"href":"https:\/\/ecosdelsur.com\/index.php?rest_route=\/wp\/v2\/media\/24909"}],"wp:attachment":[{"href":"https:\/\/ecosdelsur.com\/index.php?rest_route=%2Fwp%2Fv2%2Fmedia&parent=24906"}],"wp:term":[{"taxonomy":"category","embeddable":true,"href":"https:\/\/ecosdelsur.com\/index.php?rest_route=%2Fwp%2Fv2%2Fcategories&post=24906"},{"taxonomy":"post_tag","embeddable":true,"href":"https:\/\/ecosdelsur.com\/index.php?rest_route=%2Fwp%2Fv2%2Ftags&post=24906"}],"curies":[{"name":"wp","href":"https:\/\/api.w.org\/{rel}","templated":true}]}}