{"id":23388,"date":"2024-09-10T17:32:35","date_gmt":"2024-09-10T17:32:35","guid":{"rendered":"https:\/\/ecosdelsur.com\/?p=23388"},"modified":"2024-09-10T17:32:35","modified_gmt":"2024-09-10T17:32:35","slug":"santa-cruz-ante-los-aumentos-nacionales-destacan-la-importancia-de-inscribirse-en-el-rase","status":"publish","type":"post","link":"https:\/\/ecosdelsur.com\/?p=23388","title":{"rendered":"Santa Cruz: Ante los aumentos nacionales, destacan la importancia de inscribirse en el RASE"},"content":{"rendered":"<div class=\"itemToolbar2\">\n<p><span class=\"itemDateCreated\">Martes, 10 Septiembre 2024 <\/span>En di\u00e1logo con LU14 Radio Provincia de Santa Cruz, el presidente de Distrigas SA, Marcelo De La Torre, remarc\u00f3 la importancia de inscribirse en el Registro de Acceso a los Subsidios Energ\u00e9ticos (RASE), para evitar los incrementos tarifarios establecidos por el Gobierno Nacional.<\/p>\n<\/div>\n<div class=\"itemFullText\">\n<p>Santa Cruz lider\u00f3 la defensa de sus usuarios al ser la primera provincia en presentar un amparo, buscando proteger el acceso equitativo a los servicios esenciales.<\/p>\n<p>El RASE, implementado en 2022 por el Gobierno Nacional, absorbi\u00f3 de manera autom\u00e1tica a los beneficiarios de la tarifa social. &#8220;Toda la gente que estaba en tarifa social la pasaron compulsivamente al RASE&#8221;, se\u00f1al\u00f3 De La Torre, destacando que aquellos que no se inscribieron voluntariamente antes del 4 de septiembre se ver\u00edan afectados. Al no cumplir con el registro en el plazo estipulado, estos usuarios fueron trasladados a la categor\u00eda N1, correspondiente a altos ingresos, lo que implica un aumento significativo en el costo de la factura de gas.<\/p>\n<p>En el caso de Distrigas, la cifra de usuarios afectados por esta situaci\u00f3n es m\u00ednima, seg\u00fan inform\u00f3 el presidente: &#8220;En\u00a0Distrigas ten\u00edamos de esa modalidad creo que 60 personas, de 64 mil usuarios que tenemos&#8221;. Sin embargo, la empresa opt\u00f3 por realizar una campa\u00f1a de inscripci\u00f3n para el resto de las categor\u00edas, conscientes de la gran diferencia que existe entre las tarifas de cada una. &#8220;N2 son de bajos recursos y N3 ingresos medios. Entonces lo que quer\u00edamos hacer es que la gente se inscribiera porque la verdad que se iba a notar la diferencia en la factura&#8221;, advirti\u00f3.<\/p>\n<p>El amparo que manten\u00eda congeladas las tarifas ha ca\u00eddo, y con ello, se avecina un aumento significativo dispuesto por el gobierno nacional. Ante esta situaci\u00f3n, De La Torre insisti\u00f3 en la importancia de que los usuarios se inscriban en la categor\u00eda que les corresponde, para evitar pagar tarifas innecesariamente altas: &#8220;Necesit\u00e1bamos que la mayor cantidad de gente est\u00e9 inscripta en la categor\u00eda que le corresponde&#8221;.<\/p>\n<p>A pesar del vencimiento del plazo para los beneficiarios de la tarifa social, los usuarios a\u00fan pueden registrarse en las categor\u00edas N2 (bajos ingresos) y N3 (ingresos medios), aunque ya no podr\u00e1n mantenerse en N1, reservada para aquellos con ingresos altos. De La Torre aclar\u00f3 que &#8220;todo el mundo se puede inscribir, nada m\u00e1s que no van a conservar el N1&#8221;.<\/p>\n<p>El proceso de inscripci\u00f3n permanece abierto para el resto de las categor\u00edas, sin fecha de cierre. No obstante, aquellos que no se inscribieron antes del 4 de septiembre deber\u00e1n enfrentar un periodo de espera de hasta 60 d\u00edas para que se les asigne la categor\u00eda correcta, durante el cual pagar\u00e1n tarifas m\u00e1s elevadas. &#8220;Van a pagar categor\u00eda N1 durante dos o tres meses, hasta tanto se le asigne la categor\u00eda N2&#8221;, explic\u00f3.<\/p>\n<p>El presidente de Distrigas concluy\u00f3 agradeciendo la oportunidad de comunicar a la comunidad sobre la importancia de regularizar su situaci\u00f3n tarifaria, haciendo un llamado a inscribirse y evitar pagos elevados: &#8220;Lo importante es que est\u00e1 abierto todav\u00eda y se pueden inscribir&#8221;.<\/p>\n<\/div>\n","protected":false},"excerpt":{"rendered":"<p>Martes, 10 Septiembre 2024 En di\u00e1logo con LU14 Radio Provincia de Santa Cruz, el presidente de Distrigas SA, Marcelo De<\/p>\n","protected":false},"author":8,"featured_media":23386,"comment_status":"closed","ping_status":"closed","sticky":false,"template":"","format":"standard","meta":{"footnotes":""},"categories":[39],"tags":[],"class_list":["post-23388","post","type-post","status-publish","format-standard","has-post-thumbnail","hentry","category-tecnologia"],"_links":{"self":[{"href":"https:\/\/ecosdelsur.com\/index.php?rest_route=\/wp\/v2\/posts\/23388","targetHints":{"allow":["GET"]}}],"collection":[{"href":"https:\/\/ecosdelsur.com\/index.php?rest_route=\/wp\/v2\/posts"}],"about":[{"href":"https:\/\/ecosdelsur.com\/index.php?rest_route=\/wp\/v2\/types\/post"}],"author":[{"embeddable":true,"href":"https:\/\/ecosdelsur.com\/index.php?rest_route=\/wp\/v2\/users\/8"}],"replies":[{"embeddable":true,"href":"https:\/\/ecosdelsur.com\/index.php?rest_route=%2Fwp%2Fv2%2Fcomments&post=23388"}],"version-history":[{"count":0,"href":"https:\/\/ecosdelsur.com\/index.php?rest_route=\/wp\/v2\/posts\/23388\/revisions"}],"wp:featuredmedia":[{"embeddable":true,"href":"https:\/\/ecosdelsur.com\/index.php?rest_route=\/wp\/v2\/media\/23386"}],"wp:attachment":[{"href":"https:\/\/ecosdelsur.com\/index.php?rest_route=%2Fwp%2Fv2%2Fmedia&parent=23388"}],"wp:term":[{"taxonomy":"category","embeddable":true,"href":"https:\/\/ecosdelsur.com\/index.php?rest_route=%2Fwp%2Fv2%2Fcategories&post=23388"},{"taxonomy":"post_tag","embeddable":true,"href":"https:\/\/ecosdelsur.com\/index.php?rest_route=%2Fwp%2Fv2%2Ftags&post=23388"}],"curies":[{"name":"wp","href":"https:\/\/api.w.org\/{rel}","templated":true}]}}