{"id":23378,"date":"2024-09-10T05:05:39","date_gmt":"2024-09-10T05:05:39","guid":{"rendered":"https:\/\/ecosdelsur.com\/?p=23378"},"modified":"2024-09-10T05:07:41","modified_gmt":"2024-09-10T05:07:41","slug":"vidal-superviso-la-obra-de-agua-para-150-familias-del-barrio-hipico-de-caleta-olivia","status":"publish","type":"post","link":"https:\/\/ecosdelsur.com\/?p=23378","title":{"rendered":"Vidal supervis\u00f3 la obra de agua para 150 familias del Barrio H\u00edpico de Caleta Olivia"},"content":{"rendered":"<div class=\"itemToolbar2\">\n<p><span class=\"itemDateCreated\">Lunes, 09 Septiembre 2024 <\/span>El gobernador Claudio Vidal recorri\u00f3 la obra de agua domiciliaria, destinada a 150 familias del Barrio H\u00edpico de la localidad de Caleta Olivia. Se trata de una deuda del Estado Provincial que hoy despu\u00e9s de 11 a\u00f1os comienza a saldarse. \u201cEn este sector se entregaron 600 lotes sin el servicio fundamental, que es el agua\u201d, enfatiz\u00f3.<img decoding=\"async\" class=\"size-full wp-image-23354 aligncenter lazyload\" data-src=\"https:\/\/ecosdelsur.com\/wp-content\/uploads\/2024\/09\/Barrio_Hpico_de_Caleta_Olivia_1.jpeg\" alt=\"\" width=\"800\" height=\"491\" data-srcset=\"https:\/\/ecosdelsur.com\/wp-content\/uploads\/2024\/09\/Barrio_Hpico_de_Caleta_Olivia_1.jpeg 800w, https:\/\/ecosdelsur.com\/wp-content\/uploads\/2024\/09\/Barrio_Hpico_de_Caleta_Olivia_1-300x184.jpeg 300w, https:\/\/ecosdelsur.com\/wp-content\/uploads\/2024\/09\/Barrio_Hpico_de_Caleta_Olivia_1-768x471.jpeg 768w\" data-sizes=\"(max-width: 800px) 100vw, 800px\" src=\"data:image\/svg+xml;base64,PHN2ZyB3aWR0aD0iMSIgaGVpZ2h0PSIxIiB4bWxucz0iaHR0cDovL3d3dy53My5vcmcvMjAwMC9zdmciPjwvc3ZnPg==\" style=\"--smush-placeholder-width: 800px; --smush-placeholder-aspect-ratio: 800\/491;\" \/><\/p>\n<\/div>\n<div class=\"itemFullText\">\n<p>El mandatario provincial, Claudio Vidal, junto a integrantes de su equipo de trabajo y el intendente Pablo Carrizo, visit\u00f3 hoy el Barrio H\u00edpico de Caleta Olivia, donde supervis\u00f3 la obra de agua destinada a los vecinos ese sector. Este es un proyecto que viene a subsanar una demanda de m\u00e1s de 10 a\u00f1os de 140 familias, que hoy luego de varias gestiones ven que esta obra se transforma en una realidad.<\/p>\n<p>En ese contexto, el gobernador Vidal destac\u00f3 que en recorrido observ\u00f3 el avance de una obra en un barrio que fue muy postergado por parte de las gestiones anteriores y acciones de la mala pol\u00edtica. \u201cEntregaban cientos de terrenos, en \u00e9pocas de campa\u00f1a pol\u00edtica y muchas veces sin servicio. Este es un claro ejemplo, en este sector se entregaron 600 lotes sin el servicio fundamental, que es el agua\u201d, explic\u00f3. Adem\u00e1s remarc\u00f3 que si a este cuadro de situaci\u00f3n se le suma el reclamo genuino por faltantes del suministro durante las \u00faltimas d\u00e9cadas, hay que reconocer que la sociedad tiene raz\u00f3n. \u201cPor eso es muy importante el trabajo que llevamos adelante con Servicios P\u00fablicos. La primera obra que pusimos en marcha fue la ampliaci\u00f3n del acueducto, el cual viene de pozos de captaci\u00f3n y que va a permitir generar o equiparar el mismo aporte de agua que ingresa desde Comodoro Rivadavia. Ese es el primer paso, y el segundo paso, fue identificar todas las p\u00e9rdidas que hay en los distintos acueductos de toda Caleta Olivia. El tercer paso es comenzar a ampliar el acueducto para llevar este servicio, como en este caso, a 600 lotes. Y de forma inmediata a 150 familias que estaban reclamando la llegada del servicio hace aproximadamente 11 a\u00f1os\u201d, detall\u00f3.<\/p>\n<p>Por otra parte, el Claudio Vidal coment\u00f3 que en la \u00faltima semana, desarroll\u00f3 una extensa agenda de trabajo, basada en anuncios de obras important\u00edsimas, el acceso al interconectado de las localidades de Perito Moreno, Los Antiguos, Jaramillo y Fitz Roy. \u201cEl interconectado por arriba de la Comisi\u00f3n de Fomento y los vecinos no ten\u00edan la posibilidad de conectarse a la electricidad, que todos sabemos muy bien que para poder avanzar y proyectar es sumamente importante. Estas son las cosas irregulares que pasaron durante muchos a\u00f1os en mi provincia, y son cosas que hoy el Estado est\u00e1 corrigiendo\u201d, cerr\u00f3.<\/p>\n<p>&nbsp;<\/p>\n<\/div>\n","protected":false},"excerpt":{"rendered":"<p>Lunes, 09 Septiembre 2024 El gobernador Claudio Vidal recorri\u00f3 la obra de agua domiciliaria, destinada a 150 familias del Barrio<\/p>\n","protected":false},"author":8,"featured_media":23355,"comment_status":"closed","ping_status":"closed","sticky":false,"template":"","format":"standard","meta":{"footnotes":""},"categories":[33],"tags":[],"class_list":["post-23378","post","type-post","status-publish","format-standard","has-post-thumbnail","hentry","category-politica"],"_links":{"self":[{"href":"https:\/\/ecosdelsur.com\/index.php?rest_route=\/wp\/v2\/posts\/23378","targetHints":{"allow":["GET"]}}],"collection":[{"href":"https:\/\/ecosdelsur.com\/index.php?rest_route=\/wp\/v2\/posts"}],"about":[{"href":"https:\/\/ecosdelsur.com\/index.php?rest_route=\/wp\/v2\/types\/post"}],"author":[{"embeddable":true,"href":"https:\/\/ecosdelsur.com\/index.php?rest_route=\/wp\/v2\/users\/8"}],"replies":[{"embeddable":true,"href":"https:\/\/ecosdelsur.com\/index.php?rest_route=%2Fwp%2Fv2%2Fcomments&post=23378"}],"version-history":[{"count":0,"href":"https:\/\/ecosdelsur.com\/index.php?rest_route=\/wp\/v2\/posts\/23378\/revisions"}],"wp:featuredmedia":[{"embeddable":true,"href":"https:\/\/ecosdelsur.com\/index.php?rest_route=\/wp\/v2\/media\/23355"}],"wp:attachment":[{"href":"https:\/\/ecosdelsur.com\/index.php?rest_route=%2Fwp%2Fv2%2Fmedia&parent=23378"}],"wp:term":[{"taxonomy":"category","embeddable":true,"href":"https:\/\/ecosdelsur.com\/index.php?rest_route=%2Fwp%2Fv2%2Fcategories&post=23378"},{"taxonomy":"post_tag","embeddable":true,"href":"https:\/\/ecosdelsur.com\/index.php?rest_route=%2Fwp%2Fv2%2Ftags&post=23378"}],"curies":[{"name":"wp","href":"https:\/\/api.w.org\/{rel}","templated":true}]}}