{"id":22971,"date":"2024-08-30T02:20:40","date_gmt":"2024-08-30T02:20:40","guid":{"rendered":"https:\/\/ecosdelsur.com\/?p=22971"},"modified":"2024-08-30T02:20:40","modified_gmt":"2024-08-30T02:20:40","slug":"mujeres-despedidas-del-municipio-piden-que-el-intendente-les-de-una-respuesta","status":"publish","type":"post","link":"https:\/\/ecosdelsur.com\/?p=22971","title":{"rendered":"Mujeres despedidas del Municipio piden que el Intendente les de una respuesta"},"content":{"rendered":"<p>Mabel y Marcela visitaron los estudios de Radio Ecos del Sur y en el programa La Data Santa Cruz solicitaron que los funcionarios las atiendan y les brinden respuestas. Son mujeres de planta permanente que fueron despedidas sin motivos, seg\u00fan lo que expresaron.<\/p>\n<p>Son 13 mujeres que se encuentran reclamando a la intemperie en la puerta de la planta de tratamiento de residuos.<\/p>\n<p>Estas mujeres hasta enero pasado prestaban servicio en la planta y ahora piden que les reintegren su puesto de trabajo.<\/p>\n<p>Por este reclamo es que la Fundaci\u00f3n Santa Cruz Sustentable no pudo reactivar la planta de residuos que hab\u00eda sido anunciado por el \u00e1rea socioecon\u00f3mica del municipio.<\/p>\n<p>\u201cNo estamos en contra de que entre Fundaci\u00f3n a la plata porque ellos tambi\u00e9n necesitan su trabajo pero nosotros queremos que nos devuelvan nuestro puesto y si no es la planta que sea en otro sector\u201d, manifestaron en un di\u00e1logo el mi\u00e9rcoles pasado.<\/p>\n<p>\u201cNuestros recibos dicen que somos m\u00f3dulo 1 de planta permanente y a nosotros no nos lleg\u00f3 ning\u00fan telegrama de despido, directamente nos dejaron sin trabajo y en febrero fue nuestro ultimo sueldo\u201d, comentaron.<\/p>\n<p>\u201cEl Intendente no nos atiende, somos todas mujeres y decidimos tomar esta medida porque nos dijeron en un principio que iban a rever el legajo de cada uno, pero hasta ahora nunca hemos tenido respuesta. Hace 8 meses que no tenemos respuestas\u201d, indicaron.<\/p>\n<p>\u201cQue se ponga la mano en el coraz\u00f3n el intendente, sabemos que ha ingresado gente, nosotros hemos realizado capacitaciones para estar en la planta\u201d, destacaron.<\/p>\n<p>Agradecieron a la comunidad, a los vecinos que se han solidarizado llevando comida, yerba, y dem\u00e1s.<\/p>\n<p>Seg\u00fan lo dicho permanecer\u00e1n en su reclamo hasta que obtengan respuestas. De esta forma comentaron que se le envi\u00f3 una nota a cada uno de los concejales para que puedan interceder y se har\u00edan presente en la sesi\u00f3n ordinaria del Concejo Deliberante.<\/p>\n","protected":false},"excerpt":{"rendered":"<p>Mabel y Marcela visitaron los estudios de Radio Ecos del Sur y en el programa La Data Santa Cruz solicitaron<\/p>\n","protected":false},"author":8,"featured_media":22972,"comment_status":"closed","ping_status":"closed","sticky":false,"template":"","format":"standard","meta":{"footnotes":""},"categories":[33],"tags":[492],"class_list":["post-22971","post","type-post","status-publish","format-standard","has-post-thumbnail","hentry","category-politica","tag-despidos"],"_links":{"self":[{"href":"https:\/\/ecosdelsur.com\/index.php?rest_route=\/wp\/v2\/posts\/22971","targetHints":{"allow":["GET"]}}],"collection":[{"href":"https:\/\/ecosdelsur.com\/index.php?rest_route=\/wp\/v2\/posts"}],"about":[{"href":"https:\/\/ecosdelsur.com\/index.php?rest_route=\/wp\/v2\/types\/post"}],"author":[{"embeddable":true,"href":"https:\/\/ecosdelsur.com\/index.php?rest_route=\/wp\/v2\/users\/8"}],"replies":[{"embeddable":true,"href":"https:\/\/ecosdelsur.com\/index.php?rest_route=%2Fwp%2Fv2%2Fcomments&post=22971"}],"version-history":[{"count":0,"href":"https:\/\/ecosdelsur.com\/index.php?rest_route=\/wp\/v2\/posts\/22971\/revisions"}],"wp:featuredmedia":[{"embeddable":true,"href":"https:\/\/ecosdelsur.com\/index.php?rest_route=\/wp\/v2\/media\/22972"}],"wp:attachment":[{"href":"https:\/\/ecosdelsur.com\/index.php?rest_route=%2Fwp%2Fv2%2Fmedia&parent=22971"}],"wp:term":[{"taxonomy":"category","embeddable":true,"href":"https:\/\/ecosdelsur.com\/index.php?rest_route=%2Fwp%2Fv2%2Fcategories&post=22971"},{"taxonomy":"post_tag","embeddable":true,"href":"https:\/\/ecosdelsur.com\/index.php?rest_route=%2Fwp%2Fv2%2Ftags&post=22971"}],"curies":[{"name":"wp","href":"https:\/\/api.w.org\/{rel}","templated":true}]}}