{"id":22968,"date":"2024-08-30T02:07:31","date_gmt":"2024-08-30T02:07:31","guid":{"rendered":"https:\/\/ecosdelsur.com\/?p=22968"},"modified":"2024-08-30T02:07:31","modified_gmt":"2024-08-30T02:07:31","slug":"carniceria-el-centro-y-fundacion-flota-amarilla-se-unen-para-celebrar-las-infancias","status":"publish","type":"post","link":"https:\/\/ecosdelsur.com\/?p=22968","title":{"rendered":"Carnicer\u00eda El Centro y Fundaci\u00f3n Flota Amarilla se unen para celebrar las infancias"},"content":{"rendered":"<p>Se trata de Luca Maldonado de carnicer\u00eda El Centro y Javier Maldonado de Fundaci\u00f3n Flota Amarilla, quienes junto a un gran grupo de otros colaboradores solidarios se suman para organiza la Fiesta de las Infancias en diferentes plazas barriales.<\/p>\n<p>El primer evento tendr\u00e1 lugar en la plaza del B\u00b0 Rotary XXIII.<\/p>\n<p>\u201cSomos comerciantes, feriantes, emprendedores que desean trabajar en pol\u00edtica social. Est\u00e1 dif\u00edcil la situaci\u00f3n y decidimos unirnos para trabajar mejor en los barrios\u201d, indic\u00f3 Maldonado.<\/p>\n<p>El objetivo de esta fiesta es comenzar a recuperar las plazas de los barrios. \u201cObservamos que la mayor\u00eda est\u00e1n abandonadas y los chicos ya no van para divertirse\u201d, explic\u00f3.<\/p>\n<p>Luego, la Fiesta continuar\u00e1 por las plazas del B\u00b0 2 de Abril, 17 de Octubre y 8 de Julio.<\/p>\n<p>\u201cCreo que no todos los chicos pudieron celebrar su d\u00eda asique vamos nosotros a los barrios para sorprenderlos y realizar esta actividad en familia\u201d, expres\u00f3 el referente de la Fundaci\u00f3n Flota Amarilla.<\/p>\n<p>Destacaron la ayuda que tuvieron del presidente de SPSE Pablo Gordillo con la iluminaci\u00f3n. Se invit\u00f3 a trabajar en conjunto a la Andrea Bay\u00f3n y el \u00e1rea Socioecon\u00f3mica del Municipio, que colaborar\u00e1n con los ba\u00f1os qu\u00edmicos.<\/p>\n<p>\u201cEl objetivo es llegar a la comunidad que la est\u00e1 pasando mal\u201d, resaltaron.<\/p>\n<p>Durante la actividad en el B\u00b0 Rotary XXIII se estima participar\u00e1n unos 3 mil ni\u00f1os que vendr\u00e1n de los sectores aleda\u00f1os.<\/p>\n<p>La fiesta tendr\u00e1 feriantes, artesanos, emprendedores, stand de juegos.<\/p>\n<p>\u201cSer\u00e1 una fiesta familiar\u201d, manifestaron.<\/p>\n<p>Por otro lado aclararon que nadie de quienes integran el grupo solidario tiene aspiraciones pol\u00edticos. \u201cLo hacemos por la comunidad\u201d.<\/p>\n<p>El evento es abierto a toda la comunidad, para su desarrollo se invit\u00f3 a instituciones que quieran ser parte. \u201cSe viene un trabajo muy lindo y de unidad y estamos contentos de este equipo que se arm\u00f3\u201d.<\/p>\n<p>La idea es realizar esta fiesta cada 15 o 20 d\u00edas en los barrios y se vuelvan a recuperar los espacios en las plazas por la familia.<\/p>\n<p>Agradecieron al municipio que colabora para dejar los lugares en condiciones.<\/p>\n<p>La cita es el 8 de septiembre en la plaza del B\u00b0 Rotary XXIII a partir del mediod\u00eda. Habr\u00e1 peloteros, murgas, hamburguesas, choripanes y merienda.<\/p>\n","protected":false},"excerpt":{"rendered":"<p>Se trata de Luca Maldonado de carnicer\u00eda El Centro y Javier Maldonado de Fundaci\u00f3n Flota Amarilla, quienes junto a un<\/p>\n","protected":false},"author":8,"featured_media":22969,"comment_status":"closed","ping_status":"closed","sticky":false,"template":"","format":"standard","meta":{"footnotes":""},"categories":[35],"tags":[],"class_list":["post-22968","post","type-post","status-publish","format-standard","has-post-thumbnail","hentry","category-sociedad"],"_links":{"self":[{"href":"https:\/\/ecosdelsur.com\/index.php?rest_route=\/wp\/v2\/posts\/22968","targetHints":{"allow":["GET"]}}],"collection":[{"href":"https:\/\/ecosdelsur.com\/index.php?rest_route=\/wp\/v2\/posts"}],"about":[{"href":"https:\/\/ecosdelsur.com\/index.php?rest_route=\/wp\/v2\/types\/post"}],"author":[{"embeddable":true,"href":"https:\/\/ecosdelsur.com\/index.php?rest_route=\/wp\/v2\/users\/8"}],"replies":[{"embeddable":true,"href":"https:\/\/ecosdelsur.com\/index.php?rest_route=%2Fwp%2Fv2%2Fcomments&post=22968"}],"version-history":[{"count":0,"href":"https:\/\/ecosdelsur.com\/index.php?rest_route=\/wp\/v2\/posts\/22968\/revisions"}],"wp:featuredmedia":[{"embeddable":true,"href":"https:\/\/ecosdelsur.com\/index.php?rest_route=\/wp\/v2\/media\/22969"}],"wp:attachment":[{"href":"https:\/\/ecosdelsur.com\/index.php?rest_route=%2Fwp%2Fv2%2Fmedia&parent=22968"}],"wp:term":[{"taxonomy":"category","embeddable":true,"href":"https:\/\/ecosdelsur.com\/index.php?rest_route=%2Fwp%2Fv2%2Fcategories&post=22968"},{"taxonomy":"post_tag","embeddable":true,"href":"https:\/\/ecosdelsur.com\/index.php?rest_route=%2Fwp%2Fv2%2Ftags&post=22968"}],"curies":[{"name":"wp","href":"https:\/\/api.w.org\/{rel}","templated":true}]}}