{"id":22965,"date":"2024-08-30T01:49:55","date_gmt":"2024-08-30T01:49:55","guid":{"rendered":"https:\/\/ecosdelsur.com\/?p=22965"},"modified":"2024-08-30T01:49:55","modified_gmt":"2024-08-30T01:49:55","slug":"supermercado-carrefour-tuvo-una-clausura-preventiva","status":"publish","type":"post","link":"https:\/\/ecosdelsur.com\/?p=22965","title":{"rendered":"Supermercado Carrefour tuvo una clausura preventiva"},"content":{"rendered":"<p>El Dr. Daniel Aybar, juez de Faltas de Caleta Olivia respondi\u00f3 a las consultas realizadas en el programa radial La Data Santa Cruz que se transmite por Ecos del Sur (106.9).<\/p>\n<p>En este sentido habl\u00f3 de la intervenci\u00f3n en la sucursal local de Carrefour y aclar\u00f3 que el motivo principal de la clausura no fue por presencia de roedores como se hab\u00eda informado en medios digitales de la ciudad, sino que ser\u00eda un motivo secundario.<\/p>\n<p>Si bien no pudo brindar detalles t\u00e9cnicos por un expediente en curso, Aybar explic\u00f3 que \u201cel solo hecho que haya presencia de roedores no corresponde a una clausura sino a la multa y el pedido de desinfecci\u00f3n. Una clausura es por motivos m\u00e1s graves\u201d.<\/p>\n<p>El pedido de clausura fue solicitado el 22 de agosto pero no se sabe porqu\u00e9 el \u00e1rea de Comercio del Municipio intervino reci\u00e9n el d\u00eda 27 de agosto.<\/p>\n<p>\u201cSeg\u00fan establece la Ordenanza, hubo una clausura preventiva\u201d, dijo Aybar, dando cuenta que el motivo principal de la acci\u00f3n judicial no hab\u00eda sido por presencia de roedores sino por otros.<\/p>\n<p>\u201cNo fue el motivo principal pero no puedo brindar m\u00e1s informaci\u00f3n porque no es un expediente p\u00fablico\u201d, aclar\u00f3 y asegur\u00f3 que \u201clos comerciantes saben que hay un juzgado que es justo, ya sea con un mercado de barrio como con una cadena de supermercados\u201d.<\/p>\n<p>Igualmente, el Juez de Faltas aclar\u00f3 que una clausura se da por motivos m\u00e1s graves, que pueden ser por acumulaci\u00f3n de sanciones, procesos impagos, reincidencias que establece la Ordenanza 5592 o si se comete la misma falta dentro de los 2 a\u00f1os de la primera incidencia. Si hay cierta cantidad de deuda o m\u00f3dulos de multa.<\/p>\n","protected":false},"excerpt":{"rendered":"<p>El Dr. Daniel Aybar, juez de Faltas de Caleta Olivia respondi\u00f3 a las consultas realizadas en el programa radial La<\/p>\n","protected":false},"author":8,"featured_media":22966,"comment_status":"closed","ping_status":"closed","sticky":false,"template":"","format":"standard","meta":{"footnotes":""},"categories":[35],"tags":[490,491],"class_list":["post-22965","post","type-post","status-publish","format-standard","has-post-thumbnail","hentry","category-sociedad","tag-daniel-aybar","tag-juzgado-de-faltas"],"_links":{"self":[{"href":"https:\/\/ecosdelsur.com\/index.php?rest_route=\/wp\/v2\/posts\/22965","targetHints":{"allow":["GET"]}}],"collection":[{"href":"https:\/\/ecosdelsur.com\/index.php?rest_route=\/wp\/v2\/posts"}],"about":[{"href":"https:\/\/ecosdelsur.com\/index.php?rest_route=\/wp\/v2\/types\/post"}],"author":[{"embeddable":true,"href":"https:\/\/ecosdelsur.com\/index.php?rest_route=\/wp\/v2\/users\/8"}],"replies":[{"embeddable":true,"href":"https:\/\/ecosdelsur.com\/index.php?rest_route=%2Fwp%2Fv2%2Fcomments&post=22965"}],"version-history":[{"count":0,"href":"https:\/\/ecosdelsur.com\/index.php?rest_route=\/wp\/v2\/posts\/22965\/revisions"}],"wp:featuredmedia":[{"embeddable":true,"href":"https:\/\/ecosdelsur.com\/index.php?rest_route=\/wp\/v2\/media\/22966"}],"wp:attachment":[{"href":"https:\/\/ecosdelsur.com\/index.php?rest_route=%2Fwp%2Fv2%2Fmedia&parent=22965"}],"wp:term":[{"taxonomy":"category","embeddable":true,"href":"https:\/\/ecosdelsur.com\/index.php?rest_route=%2Fwp%2Fv2%2Fcategories&post=22965"},{"taxonomy":"post_tag","embeddable":true,"href":"https:\/\/ecosdelsur.com\/index.php?rest_route=%2Fwp%2Fv2%2Ftags&post=22965"}],"curies":[{"name":"wp","href":"https:\/\/api.w.org\/{rel}","templated":true}]}}