{"id":22960,"date":"2024-08-29T01:45:00","date_gmt":"2024-08-29T01:45:00","guid":{"rendered":"https:\/\/ecosdelsur.com\/?p=22960"},"modified":"2024-08-29T01:45:57","modified_gmt":"2024-08-29T01:45:57","slug":"pico-truncado-vidal-terminara-una-obra-inconclusa-del-kirchnerismo","status":"publish","type":"post","link":"https:\/\/ecosdelsur.com\/?p=22960","title":{"rendered":"Pico Truncado: Vidal terminar\u00e1 una obra inconclusa del Kirchnerismo"},"content":{"rendered":"<div class=\"itemToolbar2\">\n<p><span class=\"itemDateCreated\">Mi\u00e9rcoles, 28 Agosto 2024 &#8211; <\/span>El gobernador Claudio Vidal anunci\u00f3 el reinicio de la obra de la Escuela 85, que acumula 20 a\u00f1os sin terminarse. Junto al vicegobernador Fabi\u00e1n Leguizam\u00f3n, el intendente Pablo Anabal\u00f3n; y el presidente del IDUV, Cristian Mansilla, recorrieron las instalaciones de la instituci\u00f3n.<img decoding=\"async\" class=\"alignnone size-full wp-image-22962 lazyload\" data-src=\"https:\/\/ecosdelsur.com\/wp-content\/uploads\/2024\/08\/Escuela_85_2.jpeg\" alt=\"\" width=\"1024\" height=\"652\" data-srcset=\"https:\/\/ecosdelsur.com\/wp-content\/uploads\/2024\/08\/Escuela_85_2.jpeg 1024w, https:\/\/ecosdelsur.com\/wp-content\/uploads\/2024\/08\/Escuela_85_2-300x191.jpeg 300w, https:\/\/ecosdelsur.com\/wp-content\/uploads\/2024\/08\/Escuela_85_2-768x489.jpeg 768w\" data-sizes=\"(max-width: 1024px) 100vw, 1024px\" src=\"data:image\/svg+xml;base64,PHN2ZyB3aWR0aD0iMSIgaGVpZ2h0PSIxIiB4bWxucz0iaHR0cDovL3d3dy53My5vcmcvMjAwMC9zdmciPjwvc3ZnPg==\" style=\"--smush-placeholder-width: 1024px; --smush-placeholder-aspect-ratio: 1024\/652;\" \/><\/p>\n<\/div>\n<div class=\"itemFullText\">\n<p>El gobernador de la provincia de Santa Cruz, Claudio Vidal, anunci\u00f3 hoy que terminar\u00e1 las obras inconclusas de la escuela primaria n\u00famero 85 de la ciudad de Pico Truncado. El edificio acumula 20 a\u00f1os en etapa de construcci\u00f3n y es un emblema dentro de la localidad. En estos 20 a\u00f1os, la obra se licit\u00f3 3 veces y nunca se termin\u00f3. Ahora Vidal anunci\u00f3 la obra definitiva y puso un plazo de 12 meses para culminar \u201cuno de los grandes monumentos a la corrupci\u00f3n del kirchnerismo\u201d.<\/p>\n<p>El mandatario recorri\u00f3 la obra junto al vicegobernador Fabi\u00e1n Leguizam\u00f3n, el intendente Pablo Anabal\u00f3n; y el presidente del IDUV, Cristian Mansilla. En di\u00e1logo con la prensa, anunci\u00f3 que \u201cvamos a terminar esta escuela, que ya tiene 20 a\u00f1os en obra. Es una falta de respeto a la comunidad que la ha esperado con mucha necesidad\u201d.<\/p>\n<p>La superficie a intervenir, seg\u00fan el expediente que contiene el llamado a licitaci\u00f3n, es de 2252.80 m2 y el plazo de obra es de 12 meses<\/p>\n<p>En ese lapso, se realizar\u00e1n las siguientes obras:<\/p>\n<p>-Revoques interiores<\/p>\n<p>-Piso de goma deportivo en gimnasio<\/p>\n<p>-Terminaci\u00f3n de cielorrasos<\/p>\n<p>-Carpinter\u00edas interiores y exteriores<\/p>\n<p>-Pintura Interior y Exterior<\/p>\n<p>-Instalaci\u00f3n el\u00e9ctrica, cableado, tableros principales y artefactos<\/p>\n<p>-Instalaci\u00f3n sanitaria, termotanques, conexi\u00f3n tanque elevado, bomba elevadora, grifer\u00edas y artefactos sanitarios.<\/p>\n<p>-Instalaci\u00f3n baja tensi\u00f3n, iluminaci\u00f3n de emergencia y alarma<\/p>\n<p>-Instalaci\u00f3n de gas, verificaci\u00f3n de ca\u00f1er\u00eda, instalaci\u00f3n de conductos de ventilaci\u00f3n y cocinas y equipo de calefacci\u00f3n<\/p>\n<p>-Mobiliario y equipamiento, armarios en taller, aulas, secretaria y direcci\u00f3n. Equipamiento en laboratorio.<\/p>\n<p>-Reposici\u00f3n de vidrios en carpinter\u00edas, herrajes faltantes y burletes<\/p>\n<p>-Muebles bajo mesadas, espejos en sanitarios, barandas de acero inoxidable en caldera.<\/p>\n<p>-Reparaci\u00f3n de veradas perimetrales<\/p>\n<p>-Instalaci\u00f3n contra incendio<\/p>\n<p>El imponente edificio consta de 1 Sum, 12 Aulas, 3 Salones de Talleres, 8 Sanitarios, 1 Sala de inform\u00e1tica, sector administrativo y sector de circulaci\u00f3n.<\/p>\n<\/div>\n","protected":false},"excerpt":{"rendered":"<p>Mi\u00e9rcoles, 28 Agosto 2024 &#8211; El gobernador Claudio Vidal anunci\u00f3 el reinicio de la obra de la Escuela 85, que<\/p>\n","protected":false},"author":8,"featured_media":22961,"comment_status":"closed","ping_status":"closed","sticky":false,"template":"","format":"standard","meta":{"footnotes":""},"categories":[33],"tags":[],"class_list":["post-22960","post","type-post","status-publish","format-standard","has-post-thumbnail","hentry","category-politica"],"_links":{"self":[{"href":"https:\/\/ecosdelsur.com\/index.php?rest_route=\/wp\/v2\/posts\/22960","targetHints":{"allow":["GET"]}}],"collection":[{"href":"https:\/\/ecosdelsur.com\/index.php?rest_route=\/wp\/v2\/posts"}],"about":[{"href":"https:\/\/ecosdelsur.com\/index.php?rest_route=\/wp\/v2\/types\/post"}],"author":[{"embeddable":true,"href":"https:\/\/ecosdelsur.com\/index.php?rest_route=\/wp\/v2\/users\/8"}],"replies":[{"embeddable":true,"href":"https:\/\/ecosdelsur.com\/index.php?rest_route=%2Fwp%2Fv2%2Fcomments&post=22960"}],"version-history":[{"count":0,"href":"https:\/\/ecosdelsur.com\/index.php?rest_route=\/wp\/v2\/posts\/22960\/revisions"}],"wp:featuredmedia":[{"embeddable":true,"href":"https:\/\/ecosdelsur.com\/index.php?rest_route=\/wp\/v2\/media\/22961"}],"wp:attachment":[{"href":"https:\/\/ecosdelsur.com\/index.php?rest_route=%2Fwp%2Fv2%2Fmedia&parent=22960"}],"wp:term":[{"taxonomy":"category","embeddable":true,"href":"https:\/\/ecosdelsur.com\/index.php?rest_route=%2Fwp%2Fv2%2Fcategories&post=22960"},{"taxonomy":"post_tag","embeddable":true,"href":"https:\/\/ecosdelsur.com\/index.php?rest_route=%2Fwp%2Fv2%2Ftags&post=22960"}],"curies":[{"name":"wp","href":"https:\/\/api.w.org\/{rel}","templated":true}]}}