{"id":22930,"date":"2024-08-28T18:13:34","date_gmt":"2024-08-28T18:13:34","guid":{"rendered":"https:\/\/ecosdelsur.com\/?p=22930"},"modified":"2024-08-28T18:13:48","modified_gmt":"2024-08-28T18:13:48","slug":"el-tribunal-disciplinario-asesoro-al-consejo-de-educacion-a-traves-de-una-capacitacion","status":"publish","type":"post","link":"https:\/\/ecosdelsur.com\/?p=22930","title":{"rendered":"El Tribunal Disciplinario asesor\u00f3 al Consejo de Educaci\u00f3n a trav\u00e9s de una capacitaci\u00f3n"},"content":{"rendered":"<div class=\"itemToolbar2\">\n<p><span class=\"itemDateCreated\">Mi\u00e9rcoles, 28 Agosto 2024 &#8211; <\/span>Autoridades del Honorable Tribunal Disciplinario recibieron a trabajadores de las \u00e1reas de Recursos Humanos y Legales de la Cartera Educativa de Santa Cruz, con el fin de brindar asesoramiento sobre asuntos disciplinarios.<img decoding=\"async\" class=\"alignnone size-full wp-image-22934 lazyload\" data-src=\"https:\/\/ecosdelsur.com\/wp-content\/uploads\/2024\/08\/WhatsApp_Image_2024-08-28_at_13.38.06_2.jpeg\" alt=\"\" width=\"1024\" height=\"618\" data-srcset=\"https:\/\/ecosdelsur.com\/wp-content\/uploads\/2024\/08\/WhatsApp_Image_2024-08-28_at_13.38.06_2.jpeg 1024w, https:\/\/ecosdelsur.com\/wp-content\/uploads\/2024\/08\/WhatsApp_Image_2024-08-28_at_13.38.06_2-300x181.jpeg 300w, https:\/\/ecosdelsur.com\/wp-content\/uploads\/2024\/08\/WhatsApp_Image_2024-08-28_at_13.38.06_2-768x464.jpeg 768w\" data-sizes=\"(max-width: 1024px) 100vw, 1024px\" src=\"data:image\/svg+xml;base64,PHN2ZyB3aWR0aD0iMSIgaGVpZ2h0PSIxIiB4bWxucz0iaHR0cDovL3d3dy53My5vcmcvMjAwMC9zdmciPjwvc3ZnPg==\" style=\"--smush-placeholder-width: 1024px; --smush-placeholder-aspect-ratio: 1024\/618;\" \/><\/p>\n<\/div>\n<div class=\"itemFullText\">\n<p>En este marco, hoy mi\u00e9rcoles 28, el presidente del organismo colegiado Juan S. Gallardo, acompa\u00f1ado por el vicepresidente \u00cdtalo J. Bringas y el vocal por el Ejecutivo, Walter Parsons, expres\u00f3: &#8220;\u201cEl gobernador Claudio Vidal nos encomend\u00f3 esta tarea para fortalecer y garantizar la calidad institucional\u201d.<\/p>\n<p>En representaci\u00f3n del Honorable Tribunal Disciplinario (HTD) tambi\u00e9n participaron la secretaria general, Mar\u00eda Vel\u00e1squez; y el director de Asesor\u00eda Letrada, Germ\u00e1n Ju\u00e1rez. <img decoding=\"async\" class=\"alignnone size-full wp-image-22933 lazyload\" data-src=\"https:\/\/ecosdelsur.com\/wp-content\/uploads\/2024\/08\/WhatsApp_Image_2024-08-28_at_13.38.06_1.jpeg\" alt=\"\" width=\"1024\" height=\"589\" data-srcset=\"https:\/\/ecosdelsur.com\/wp-content\/uploads\/2024\/08\/WhatsApp_Image_2024-08-28_at_13.38.06_1.jpeg 1024w, https:\/\/ecosdelsur.com\/wp-content\/uploads\/2024\/08\/WhatsApp_Image_2024-08-28_at_13.38.06_1-300x173.jpeg 300w, https:\/\/ecosdelsur.com\/wp-content\/uploads\/2024\/08\/WhatsApp_Image_2024-08-28_at_13.38.06_1-768x442.jpeg 768w\" data-sizes=\"(max-width: 1024px) 100vw, 1024px\" src=\"data:image\/svg+xml;base64,PHN2ZyB3aWR0aD0iMSIgaGVpZ2h0PSIxIiB4bWxucz0iaHR0cDovL3d3dy53My5vcmcvMjAwMC9zdmciPjwvc3ZnPg==\" style=\"--smush-placeholder-width: 1024px; --smush-placeholder-aspect-ratio: 1024\/589;\" \/>En tanto, por parte del Consejo\u00a0dirigido por Iris Rasgido estuvieron presentes Gustavo Roca, director provincial de Gesti\u00f3n de Personal; Bel\u00e9n Vargas, jefa de Departamento Auxiliares de la Educaci\u00f3n; Daiana Cosio, de la direcci\u00f3n Auxiliares; Emilia Beltr\u00e1n Bavera, subsecretaria de Asuntos Jur\u00eddicos; Yanina Hern\u00e1ndez, del equipo de la Subsecretar\u00eda de Asuntos Jur\u00eddicos y Carlos Torres, director general de Auxiliares de la Educaci\u00f3n.<\/p>\n<p>Las tem\u00e1ticas principales del encuentro enmarcado en el plan de capacitaciones 2024 del HTD fueron faltas disciplinarias, sumarios, gesti\u00f3n y armado de expedientes; y procedimientos administrativos relativos a tr\u00e1mites de sanciones que requieren intervenci\u00f3n del organismo.<\/p>\n<p>Sobre el final del encuentro, Gallardo se refiri\u00f3 a los objetivos fundamentales de las jornadas de formaci\u00f3n. \u201cLa capacitaci\u00f3n es crucial para mantener un entorno laboral justo y eficiente. Queremos que todas las \u00e1reas de recursos humanos y legales cuenten con informaci\u00f3n precisa a la hora de confeccionar expedientes sobre asuntos disciplinares. Nuestro gobernador Claudio Vidal nos encomend\u00f3 esta tarea no solo para contribuir a la transparencia y la equidad, sino tambi\u00e9n para fortalecer y garantizar la calidad institucional de nuestro Estado provincial\u201d.<\/p>\n<\/div>\n","protected":false},"excerpt":{"rendered":"<p>Mi\u00e9rcoles, 28 Agosto 2024 &#8211; Autoridades del Honorable Tribunal Disciplinario recibieron a trabajadores de las \u00e1reas de Recursos Humanos y<\/p>\n","protected":false},"author":8,"featured_media":22932,"comment_status":"closed","ping_status":"closed","sticky":false,"template":"","format":"standard","meta":{"footnotes":""},"categories":[87],"tags":[],"class_list":["post-22930","post","type-post","status-publish","format-standard","has-post-thumbnail","hentry","category-provinciales"],"_links":{"self":[{"href":"https:\/\/ecosdelsur.com\/index.php?rest_route=\/wp\/v2\/posts\/22930","targetHints":{"allow":["GET"]}}],"collection":[{"href":"https:\/\/ecosdelsur.com\/index.php?rest_route=\/wp\/v2\/posts"}],"about":[{"href":"https:\/\/ecosdelsur.com\/index.php?rest_route=\/wp\/v2\/types\/post"}],"author":[{"embeddable":true,"href":"https:\/\/ecosdelsur.com\/index.php?rest_route=\/wp\/v2\/users\/8"}],"replies":[{"embeddable":true,"href":"https:\/\/ecosdelsur.com\/index.php?rest_route=%2Fwp%2Fv2%2Fcomments&post=22930"}],"version-history":[{"count":0,"href":"https:\/\/ecosdelsur.com\/index.php?rest_route=\/wp\/v2\/posts\/22930\/revisions"}],"wp:featuredmedia":[{"embeddable":true,"href":"https:\/\/ecosdelsur.com\/index.php?rest_route=\/wp\/v2\/media\/22932"}],"wp:attachment":[{"href":"https:\/\/ecosdelsur.com\/index.php?rest_route=%2Fwp%2Fv2%2Fmedia&parent=22930"}],"wp:term":[{"taxonomy":"category","embeddable":true,"href":"https:\/\/ecosdelsur.com\/index.php?rest_route=%2Fwp%2Fv2%2Fcategories&post=22930"},{"taxonomy":"post_tag","embeddable":true,"href":"https:\/\/ecosdelsur.com\/index.php?rest_route=%2Fwp%2Fv2%2Ftags&post=22930"}],"curies":[{"name":"wp","href":"https:\/\/api.w.org\/{rel}","templated":true}]}}