{"id":22926,"date":"2024-08-28T18:04:52","date_gmt":"2024-08-28T18:04:52","guid":{"rendered":"https:\/\/ecosdelsur.com\/?p=22926"},"modified":"2024-08-28T18:04:52","modified_gmt":"2024-08-28T18:04:52","slug":"el-timon-de-la-provincia-esta-lleno-de-incoherencias","status":"publish","type":"post","link":"https:\/\/ecosdelsur.com\/?p=22926","title":{"rendered":"\u201cEl tim\u00f3n de la Provincia est\u00e1 lleno de incoherencias\u201d"},"content":{"rendered":"<div class=\"itemToolbar2\">\n<p><span class=\"itemDateCreated\">Mi\u00e9rcoles, 28 Agosto 2024 &#8211; <\/span><i>As\u00ed lo indic\u00f3 el presidente del Bloque UxP-PJ, diputado Eloy Echaz\u00fa luego de conocer el documento que se firm\u00f3 ayer con algunos dirigentes que rigen los destinos de Santa Cruz a nivel provincial y municipal.<\/i><\/p>\n<\/div>\n<p>\u201cEstuvimos analizando el documento firmado ayer en la zona norte y nos llama la atenci\u00f3n una serie de incoherencias del propio Gobernador\u201d, comenz\u00f3 diciendo el diputado Echaz\u00fa quien agreg\u00f3 \u201cdesde diciembre escuchamos que la empresa YPF se tiene que ir de Santa Cruz, que es econ\u00f3micamente mejor para nuestra provincia si se va y se vuelven a concesionar esos yacimientos, que hay ofertas y por eso el apuro para que la empresa de bandera nacional se vaya y ayer en el documento firmado vemos que le piden la recuperaci\u00f3n de los niveles de producci\u00f3n en los yacimientos de la franja norte de la provincia\u201d.<br \/>\n\u201cDicen estar preocupados por la ca\u00edda de la matriz productiva provincial, con reducci\u00f3n de equipos en yacimientos, nula inversi\u00f3n en nuevos proyectos, falta de inversi\u00f3n de mantenimiento preventivo y programado, como as\u00ed tambi\u00e9n el detenimiento de los compromisos de inversi\u00f3n previstos en la Carta de Intenci\u00f3n entre YPF y la Provincia de Santa Cruz; pero al mismo tiempo est\u00e1n pidiendo que acelere los procesos para que se vaya de nuestra provincia\u201d, manifest\u00f3 el diputado Eloy Echaz\u00fa.<br \/>\nPor otra parte, el titular del Bloque UxP-PJ \u201cespero que el ejecutivo provincial tenga previstos los cientos de puestos de trabajo para aquellos que ya fueron notificados de su cese -alrededor de 800 en la zona sur- y los que quedar\u00e1n sin sustento hasta tanto las nuevas empresas puedan tomar posesi\u00f3n de estos yacimientos\u201d.<br \/>\nFinalmente, Echaz\u00fa indic\u00f3 que \u201cotro de los puntos a tener en cuenta es el pasivo ambiental y de eso poco hablan; espero que tomen el guante y se pongan a trabajar por cada uno de los santacruce\u00f1os en serio, no para la foto y las redes. La gente necesita seguridad en su trabajo, comida en su mesa y un sueldo digno y eso todav\u00eda no parece estar en la agenda del Gobierno\u201d.<\/p>\n","protected":false},"excerpt":{"rendered":"<p>Mi\u00e9rcoles, 28 Agosto 2024 &#8211; As\u00ed lo indic\u00f3 el presidente del Bloque UxP-PJ, diputado Eloy Echaz\u00fa luego de conocer el<\/p>\n","protected":false},"author":8,"featured_media":22927,"comment_status":"closed","ping_status":"closed","sticky":false,"template":"","format":"standard","meta":{"footnotes":""},"categories":[33],"tags":[],"class_list":["post-22926","post","type-post","status-publish","format-standard","has-post-thumbnail","hentry","category-politica"],"_links":{"self":[{"href":"https:\/\/ecosdelsur.com\/index.php?rest_route=\/wp\/v2\/posts\/22926","targetHints":{"allow":["GET"]}}],"collection":[{"href":"https:\/\/ecosdelsur.com\/index.php?rest_route=\/wp\/v2\/posts"}],"about":[{"href":"https:\/\/ecosdelsur.com\/index.php?rest_route=\/wp\/v2\/types\/post"}],"author":[{"embeddable":true,"href":"https:\/\/ecosdelsur.com\/index.php?rest_route=\/wp\/v2\/users\/8"}],"replies":[{"embeddable":true,"href":"https:\/\/ecosdelsur.com\/index.php?rest_route=%2Fwp%2Fv2%2Fcomments&post=22926"}],"version-history":[{"count":0,"href":"https:\/\/ecosdelsur.com\/index.php?rest_route=\/wp\/v2\/posts\/22926\/revisions"}],"wp:featuredmedia":[{"embeddable":true,"href":"https:\/\/ecosdelsur.com\/index.php?rest_route=\/wp\/v2\/media\/22927"}],"wp:attachment":[{"href":"https:\/\/ecosdelsur.com\/index.php?rest_route=%2Fwp%2Fv2%2Fmedia&parent=22926"}],"wp:term":[{"taxonomy":"category","embeddable":true,"href":"https:\/\/ecosdelsur.com\/index.php?rest_route=%2Fwp%2Fv2%2Fcategories&post=22926"},{"taxonomy":"post_tag","embeddable":true,"href":"https:\/\/ecosdelsur.com\/index.php?rest_route=%2Fwp%2Fv2%2Ftags&post=22926"}],"curies":[{"name":"wp","href":"https:\/\/api.w.org\/{rel}","templated":true}]}}