{"id":22916,"date":"2024-08-28T03:49:16","date_gmt":"2024-08-28T03:49:16","guid":{"rendered":"https:\/\/ecosdelsur.com\/?p=22916"},"modified":"2024-08-28T13:12:56","modified_gmt":"2024-08-28T13:12:56","slug":"se-desarrollo-la-copa-eduardo-chato-iglesias-categoria-sub-13","status":"publish","type":"post","link":"https:\/\/ecosdelsur.com\/?p=22916","title":{"rendered":"Se desarroll\u00f3 la Copa \u201cEduardo Chato Iglesias\u201d categor\u00eda Sub-13"},"content":{"rendered":"<p>La actividad tuvo lugar el pasado fin de semana en las instalaciones del gimnasio \u201cPancho Cerda\u201d de Caleta Olivia.<\/p>\n<p>El Gimnasio Municipal Pancho Cerda fue escenario de grandes emociones durante el fin de semana con la &#8220;Copa Eduardo Chato Iglesias&#8221;. Equipos de toda la provincia se dieron cita en la ciudad para vivir una jornada inolvidable de v\u00f3ley en la tradicional copa organizada por la Escuela Municipal Choique V\u00f3ley.<img decoding=\"async\" class=\"alignnone size-full wp-image-22923 lazyload\" data-src=\"https:\/\/ecosdelsur.com\/wp-content\/uploads\/2024\/08\/DSC_1862.jpg\" alt=\"\" width=\"1024\" height=\"599\" data-srcset=\"https:\/\/ecosdelsur.com\/wp-content\/uploads\/2024\/08\/DSC_1862.jpg 1024w, https:\/\/ecosdelsur.com\/wp-content\/uploads\/2024\/08\/DSC_1862-300x175.jpg 300w, https:\/\/ecosdelsur.com\/wp-content\/uploads\/2024\/08\/DSC_1862-768x449.jpg 768w\" data-sizes=\"(max-width: 1024px) 100vw, 1024px\" src=\"data:image\/svg+xml;base64,PHN2ZyB3aWR0aD0iMSIgaGVpZ2h0PSIxIiB4bWxucz0iaHR0cDovL3d3dy53My5vcmcvMjAwMC9zdmciPjwvc3ZnPg==\" style=\"--smush-placeholder-width: 1024px; --smush-placeholder-aspect-ratio: 1024\/599;\" \/><\/p>\n<p>En la rama Femenina, San Lorenzo de Puerto Deseado se coron\u00f3 campe\u00f3n, mientras que en Masculino, Choique V\u00f3ley brill\u00f3 en la final y se qued\u00f3 con la Challenger hasta el pr\u00f3ximo a\u00f1o.<\/p>\n<p>Participaron 18 equipos en categor\u00edas Sub-13 y el torneo provincial llev\u00f3 el nombre del \u201cChato\u201d en reconocimiento a todo lo que hace por esta disciplina en la regi\u00f3n.<img decoding=\"async\" class=\"alignnone size-full wp-image-22921 lazyload\" data-src=\"https:\/\/ecosdelsur.com\/wp-content\/uploads\/2024\/08\/DSC_1826.jpg\" alt=\"\" width=\"1024\" height=\"595\" data-srcset=\"https:\/\/ecosdelsur.com\/wp-content\/uploads\/2024\/08\/DSC_1826.jpg 1024w, https:\/\/ecosdelsur.com\/wp-content\/uploads\/2024\/08\/DSC_1826-300x174.jpg 300w, https:\/\/ecosdelsur.com\/wp-content\/uploads\/2024\/08\/DSC_1826-768x446.jpg 768w\" data-sizes=\"(max-width: 1024px) 100vw, 1024px\" src=\"data:image\/svg+xml;base64,PHN2ZyB3aWR0aD0iMSIgaGVpZ2h0PSIxIiB4bWxucz0iaHR0cDovL3d3dy53My5vcmcvMjAwMC9zdmciPjwvc3ZnPg==\" style=\"--smush-placeholder-width: 1024px; --smush-placeholder-aspect-ratio: 1024\/595;\" \/><\/p>\n<p>A mediados de Septiembre se viene un torneo similar en categor\u00eda Sub-12 que llevar\u00e1 el nombre de Federico Santos.<\/p>\n<p>En relaci\u00f3n al homenaje a Eduardo Iglesias, Ecos del Sur tuvo la oportunidad de mantener unas palabras con \u00e9l quien explic\u00f3 que \u201ctenemos que saber que uno de los objetivos no es solamente ganar, sino lo importante es poder jugar con el otro. Tratamos de que lo asimilen que se puede ganar o perder y si no se gana no pasa nada\u201d, dijo respecto al mensaje que deja a los m\u00e1s chicos.<img decoding=\"async\" class=\"alignnone size-full wp-image-22922 lazyload\" data-src=\"https:\/\/ecosdelsur.com\/wp-content\/uploads\/2024\/08\/DSC_1859.jpg\" alt=\"\" width=\"1024\" height=\"659\" data-srcset=\"https:\/\/ecosdelsur.com\/wp-content\/uploads\/2024\/08\/DSC_1859.jpg 1024w, https:\/\/ecosdelsur.com\/wp-content\/uploads\/2024\/08\/DSC_1859-300x193.jpg 300w, https:\/\/ecosdelsur.com\/wp-content\/uploads\/2024\/08\/DSC_1859-768x494.jpg 768w\" data-sizes=\"(max-width: 1024px) 100vw, 1024px\" src=\"data:image\/svg+xml;base64,PHN2ZyB3aWR0aD0iMSIgaGVpZ2h0PSIxIiB4bWxucz0iaHR0cDovL3d3dy53My5vcmcvMjAwMC9zdmciPjwvc3ZnPg==\" style=\"--smush-placeholder-width: 1024px; --smush-placeholder-aspect-ratio: 1024\/659;\" \/><\/p>\n<p>Asegur\u00f3 que \u201cuno puede ser buen jugador pero adelante primero est\u00e1 el equipo y despu\u00e9s la persona\u201d.<\/p>\n<p>En cuanto al nivel de competencia que tienen las escuelas locales, se destac\u00f3 que hay mucha competencia y hay torneos que se hacen en toda la provincia que por los costos el traslado es complicado pero siempre se trata de buscar los medios para poder viajar.<\/p>\n<p>La primera pasi\u00f3n de Eduardo es su familia y la segunda es el v\u00f3ley.<\/p>\n<p>\u201cEl deporte es todo, y la vivencia con los chicos y los adolescentes es impagable, no lo cambio por nada. El voley los prepara para la vida. Se gana o se pierde pero a pesar de ello debemos tener la tolerancia\u201d, dijo Iglesias.<\/p>\n<p>Pidi\u00f3 a los j\u00f3venes que sigan haciendo deporte, que respeten y ayuden a los t\u00e9cnicos y les exijan. \u201cSon el motor de todo lo que hacemos. Tratamos de dar lo mejor, pero para mejorar son horas de entrenamiento, de trabajo y de compromiso. A la familia les pido que sigan acompa\u00f1ando a los chicos\u201d, expres\u00f3.<\/p>\n<p>Actividad<\/p>\n<p>Pr\u00f3ximamente se realiza un torneo provincial en Puerto San Julian y otro en Gobernador Gregores. Se viene la Copa \u201cChato\u201d y viajes abiertos a C\u00f3rdoba y Necochea para cerrar el a\u00f1o con el Torneo Aniversario de Caleta Olivia.<\/p>\n<p>\u201cActividad hay mucha, m\u00e1s la Liga local que vamos armando de acuerdo a la disponibilidad de los gimnasios\u201d, cerr\u00f3 el \u201cChato\u201d Iglesias.<\/p>\n","protected":false},"excerpt":{"rendered":"<p>La actividad tuvo lugar el pasado fin de semana en las instalaciones del gimnasio \u201cPancho Cerda\u201d de Caleta Olivia. El<\/p>\n","protected":false},"author":8,"featured_media":22920,"comment_status":"closed","ping_status":"closed","sticky":false,"template":"","format":"standard","meta":{"footnotes":""},"categories":[37],"tags":[60,489,488],"class_list":["post-22916","post","type-post","status-publish","format-standard","has-post-thumbnail","hentry","category-deportes","tag-caleta-olivia","tag-eduardo-iglesias","tag-voley"],"_links":{"self":[{"href":"https:\/\/ecosdelsur.com\/index.php?rest_route=\/wp\/v2\/posts\/22916","targetHints":{"allow":["GET"]}}],"collection":[{"href":"https:\/\/ecosdelsur.com\/index.php?rest_route=\/wp\/v2\/posts"}],"about":[{"href":"https:\/\/ecosdelsur.com\/index.php?rest_route=\/wp\/v2\/types\/post"}],"author":[{"embeddable":true,"href":"https:\/\/ecosdelsur.com\/index.php?rest_route=\/wp\/v2\/users\/8"}],"replies":[{"embeddable":true,"href":"https:\/\/ecosdelsur.com\/index.php?rest_route=%2Fwp%2Fv2%2Fcomments&post=22916"}],"version-history":[{"count":0,"href":"https:\/\/ecosdelsur.com\/index.php?rest_route=\/wp\/v2\/posts\/22916\/revisions"}],"wp:featuredmedia":[{"embeddable":true,"href":"https:\/\/ecosdelsur.com\/index.php?rest_route=\/wp\/v2\/media\/22920"}],"wp:attachment":[{"href":"https:\/\/ecosdelsur.com\/index.php?rest_route=%2Fwp%2Fv2%2Fmedia&parent=22916"}],"wp:term":[{"taxonomy":"category","embeddable":true,"href":"https:\/\/ecosdelsur.com\/index.php?rest_route=%2Fwp%2Fv2%2Fcategories&post=22916"},{"taxonomy":"post_tag","embeddable":true,"href":"https:\/\/ecosdelsur.com\/index.php?rest_route=%2Fwp%2Fv2%2Ftags&post=22916"}],"curies":[{"name":"wp","href":"https:\/\/api.w.org\/{rel}","templated":true}]}}