{"id":22913,"date":"2024-08-28T03:28:34","date_gmt":"2024-08-28T03:28:34","guid":{"rendered":"https:\/\/ecosdelsur.com\/?p=22913"},"modified":"2024-08-28T03:28:34","modified_gmt":"2024-08-28T03:28:34","slug":"sara-delgado-no-hay-abordaje-a-la-mujer-eso-es-lo-que-esta-pasando-en-santa-cruz","status":"publish","type":"post","link":"https:\/\/ecosdelsur.com\/?p=22913","title":{"rendered":"Sara Delgado: \u201cNo hay abordaje a la mujer, eso es lo que est\u00e1 pasando en Santa Cruz\u201d"},"content":{"rendered":"<p>La secretaria de gobierno de la Municipalidad de Rio Gallegos cre\u00f3 desde su cartera la guardia de atenci\u00f3n por violencia de g\u00e9nero. Lo que antes depend\u00eda de la provincia, y hoy se encontrar\u00eda en un \u201cimpasse\u201d dentro del gobierno provincial, la Municipalidad de Rio Gallegos decidi\u00f3 crearla.<\/p>\n<p>Sara Delgado indic\u00f3 que se hizo la presentaci\u00f3n en el sistema judicial y las oficinas correspondientes en cuesti\u00f3n de g\u00e9nero. El objetivo es constituir una guardia con un equipo del municipio que pueda asistir a la mujer violentada en cualquier hora del d\u00eda. \u201cEs algo que todos los municipios tienen que tener y R\u00edo Gallegos tiene una deuda hist\u00f3rica con esto ya que en proximidad, era el gobierno de la provincia el que se hac\u00eda cargo\u201d.<\/p>\n<p>La funcionaria dio cuenta que como esta gesti\u00f3n de gobierno provincial no se iba a hacer cargo, el abordaje se ten\u00eda que hacer desde el municipio.<\/p>\n<p>\u201cIgualmente queremos que aparezcan los recursos del programa Santa Cruz Abraza, porque esto no se est\u00e1 cubriendo y nadie se queja porque la mayor\u00eda de los municipios son del partido SER, pero nosotros s\u00ed lo pedimos\u201d, sostuvo Delgado.<\/p>\n<p>Asegur\u00f3 que se decidi\u00f3 armar el equipo de guardia \u201cporque la violencia no espera\u201d, y en relaci\u00f3n a ello inform\u00f3 que tienen varios programas en vigencia.<\/p>\n<p>Esta guardia comenzar\u00eda a funcionar a mediados del mes que viene.<\/p>\n<p>\u201cEllos que se escandalizan tanto con Fabiola Ya\u00f1ez, son los mismos que nos eliminaron el ministerio de la mujer, que en Santa Cruz eliminaron el ministerio de igualdad, que eliminaron la l\u00ednea 144, que bajaron todos los programas de pol\u00edticas de g\u00e9nero, todos. No qued\u00f3 nada en pie. Son los mismos que en diciembre cortaron el Santa Cruz Abraza\u201d, y si bien entiende que son programas que se van a volver a retomar todav\u00eda contin\u00faan esperando.<\/p>\n<p>\u201cEse convenio debe firmarse porque hay violencia, y en contexto de crisis la violencia aumenta\u201d, subray\u00f3 y mencion\u00f3 que lo que har\u00e1 la guardia es atender la urgencia ante un caso de violencia. \u201cCuando la mujer se acerca a la Comisar\u00eda para realizar la denuncia y necesita ser acompa\u00f1ada es ah\u00ed donde se presenta el equipo del municipio, que no solo significa eso sino que luego con una atenci\u00f3n interdisciplinaria nos debemos encargar del desarrollo de vida de estas personas\u201d, destac\u00f3 e insisti\u00f3: \u201cNo hay abordaje a la mujer, eso es lo que est\u00e1 pasando en Santa Cruz\u201d, asever\u00f3.<\/p>\n<p>Convocatoria a municipios<\/p>\n<p>El pr\u00f3ximo lunes 2 de septiembre, se realiza una convocatoria del gobierno provincial a todos los municipios para tratar el tema de los aportes a la Caja de Servicios Sociales.<\/p>\n<p>Al momento de esta nota la convocatoria al municipio de Rio Gallegos no hab\u00eda llegado. \u201cOjal\u00e1 que nos llegue, porque de lo muy poco o nada que hacen, poco nos invitan a participar\u201d, dijo en su duro discurso la secretaria de gobierno.<\/p>\n<p>En este sentido igualmente adelant\u00f3 cu\u00e1l ser\u00eda la posici\u00f3n del intendente Pablo Grasso. \u201cEl recorte del vadem\u00e9cum en un 50% y dejar sin medicamentos a los viejos y a quienes tienen enfermedades cr\u00f3nicas es una decisi\u00f3n pol\u00edtica del gobierno provincial. Se quiere justificar la falta de aportes del municipio pero el Intendente va a poner la plata donde la tiene que poner\u201d, y continu\u00f3: \u201cEn el gobierno anterior hubo un acuerdo con Alicia (Kirchner) que estaba supeditado a la discusi\u00f3n de la modificaci\u00f3n de la coparticipaci\u00f3n que qued\u00f3 pendiente, y en el marco de ese acuerdo, Rio Gallegos pag\u00f3 toda su deuda. Lo que esta gente est\u00e1 pidiendo ( en relaci\u00f3n al gobierno provincial) es que paguemos la deuda de ellos, y cuando digo la deuda de ellos, las deudas de los Leguizam\u00f3n, las deudas de los Giubetich, las deuda de los que dejaron esa pelota a la Municipalidad\u201d y finaliz\u00f3: \u201cSi nos invitan el municipio va a participar\u201d.<\/p>\n<p>&nbsp;<\/p>\n<p>&nbsp;<\/p>\n<p>&nbsp;<\/p>\n<p>&nbsp;<\/p>\n","protected":false},"excerpt":{"rendered":"<p>La secretaria de gobierno de la Municipalidad de Rio Gallegos cre\u00f3 desde su cartera la guardia de atenci\u00f3n por violencia<\/p>\n","protected":false},"author":8,"featured_media":22914,"comment_status":"closed","ping_status":"closed","sticky":false,"template":"","format":"standard","meta":{"footnotes":""},"categories":[33],"tags":[52],"class_list":["post-22913","post","type-post","status-publish","format-standard","has-post-thumbnail","hentry","category-politica","tag-rio-gallegos"],"_links":{"self":[{"href":"https:\/\/ecosdelsur.com\/index.php?rest_route=\/wp\/v2\/posts\/22913","targetHints":{"allow":["GET"]}}],"collection":[{"href":"https:\/\/ecosdelsur.com\/index.php?rest_route=\/wp\/v2\/posts"}],"about":[{"href":"https:\/\/ecosdelsur.com\/index.php?rest_route=\/wp\/v2\/types\/post"}],"author":[{"embeddable":true,"href":"https:\/\/ecosdelsur.com\/index.php?rest_route=\/wp\/v2\/users\/8"}],"replies":[{"embeddable":true,"href":"https:\/\/ecosdelsur.com\/index.php?rest_route=%2Fwp%2Fv2%2Fcomments&post=22913"}],"version-history":[{"count":0,"href":"https:\/\/ecosdelsur.com\/index.php?rest_route=\/wp\/v2\/posts\/22913\/revisions"}],"wp:featuredmedia":[{"embeddable":true,"href":"https:\/\/ecosdelsur.com\/index.php?rest_route=\/wp\/v2\/media\/22914"}],"wp:attachment":[{"href":"https:\/\/ecosdelsur.com\/index.php?rest_route=%2Fwp%2Fv2%2Fmedia&parent=22913"}],"wp:term":[{"taxonomy":"category","embeddable":true,"href":"https:\/\/ecosdelsur.com\/index.php?rest_route=%2Fwp%2Fv2%2Fcategories&post=22913"},{"taxonomy":"post_tag","embeddable":true,"href":"https:\/\/ecosdelsur.com\/index.php?rest_route=%2Fwp%2Fv2%2Ftags&post=22913"}],"curies":[{"name":"wp","href":"https:\/\/api.w.org\/{rel}","templated":true}]}}