{"id":22790,"date":"2024-08-26T04:53:55","date_gmt":"2024-08-26T04:53:55","guid":{"rendered":"https:\/\/ecosdelsur.com\/?p=22790"},"modified":"2024-08-26T04:53:55","modified_gmt":"2024-08-26T04:53:55","slug":"educacion-firmo-un-convenio-con-el-municipio-de-puerto-san-julian-para-la-mejora-de-edificios-escolares","status":"publish","type":"post","link":"https:\/\/ecosdelsur.com\/?p=22790","title":{"rendered":"Educaci\u00f3n firm\u00f3 un convenio con el Municipio de Puerto San Juli\u00e1n para la mejora de edificios escolares"},"content":{"rendered":"<div class=\"itemToolbar2\">\n<p><span class=\"itemDateCreated\"><img decoding=\"async\" class=\"wp-image-22764 alignleft lazyload\" data-src=\"https:\/\/ecosdelsur.com\/wp-content\/uploads\/2024\/08\/FIRMA_CONVENIO_SAN_JUIN_2.jpg\" alt=\"\" width=\"626\" height=\"349\" data-srcset=\"https:\/\/ecosdelsur.com\/wp-content\/uploads\/2024\/08\/FIRMA_CONVENIO_SAN_JUIN_2.jpg 1024w, https:\/\/ecosdelsur.com\/wp-content\/uploads\/2024\/08\/FIRMA_CONVENIO_SAN_JUIN_2-300x167.jpg 300w, https:\/\/ecosdelsur.com\/wp-content\/uploads\/2024\/08\/FIRMA_CONVENIO_SAN_JUIN_2-768x428.jpg 768w, https:\/\/ecosdelsur.com\/wp-content\/uploads\/2024\/08\/FIRMA_CONVENIO_SAN_JUIN_2-800x445.jpg 800w\" data-sizes=\"(max-width: 626px) 100vw, 626px\" src=\"data:image\/svg+xml;base64,PHN2ZyB3aWR0aD0iMSIgaGVpZ2h0PSIxIiB4bWxucz0iaHR0cDovL3d3dy53My5vcmcvMjAwMC9zdmciPjwvc3ZnPg==\" style=\"--smush-placeholder-width: 626px; --smush-placeholder-aspect-ratio: 626\/349;\" \/>Domingo, 25 Agosto 2024 &#8211; <\/span>El Gobierno de Santa Cruz, a trav\u00e9s del Consejo Provincial de Educaci\u00f3n, concret\u00f3 la firma de un Convenio de Asistencia Financiera para Mantenimiento y Refacciones de Instituciones Escolares con la localidad de Puerto San Juli\u00e1n. Esta acci\u00f3n tendr\u00e1 una inversi\u00f3n de cinco partidas de ocho millones de pesos cada una por el periodo de agosto a diciembre.<\/p>\n<\/div>\n<div class=\"itemFullText\">\n<p>La ceremonia fue encabezada por la presidenta de la Cartera Educativa, Iris Rasgido, junto al intendente de dicho municipio, Daniel Gardonio, quienes fueron acompa\u00f1ados por el diputado Piero Boffi y la directora regional Zona Centro, Mar\u00eda P\u00eda Morini. Este convenio permite, a partir de un trabajo mancomunado, fortalecer el proceso de transformaci\u00f3n de la educaci\u00f3n en la localidad.<img decoding=\"async\" class=\"wp-image-22765 alignright lazyload\" data-src=\"https:\/\/ecosdelsur.com\/wp-content\/uploads\/2024\/08\/FIRMA_CONVENIO_SAN_JULIN_1.jpg\" alt=\"\" width=\"576\" height=\"337\" data-srcset=\"https:\/\/ecosdelsur.com\/wp-content\/uploads\/2024\/08\/FIRMA_CONVENIO_SAN_JULIN_1.jpg 772w, https:\/\/ecosdelsur.com\/wp-content\/uploads\/2024\/08\/FIRMA_CONVENIO_SAN_JULIN_1-300x176.jpg 300w, https:\/\/ecosdelsur.com\/wp-content\/uploads\/2024\/08\/FIRMA_CONVENIO_SAN_JULIN_1-768x450.jpg 768w\" data-sizes=\"(max-width: 576px) 100vw, 576px\" src=\"data:image\/svg+xml;base64,PHN2ZyB3aWR0aD0iMSIgaGVpZ2h0PSIxIiB4bWxucz0iaHR0cDovL3d3dy53My5vcmcvMjAwMC9zdmciPjwvc3ZnPg==\" style=\"--smush-placeholder-width: 576px; --smush-placeholder-aspect-ratio: 576\/337;\" \/><\/p>\n<p>En ese sentido, la Municipalidad de San Juli\u00e1n se comprometi\u00f3 a realizar el mantenimiento de obras menores en los establecimientos escolares como parte de un Convenio Marco General que establece un trabajo articulado.<\/p>\n<p>Por su parte, este convenio est\u00e1 destinado a garantizar el mantenimiento preventivo y correctivo de las siguientes instituciones escolares: EPJA Secundaria N\u00b015; EPJA Primaria N\u00b09; Colegio Provincial de Educaci\u00f3n Secundaria N\u00b02; Escuela Primaria Provincial N\u00b04; Escuela Primaria Provincial N\u00b075; Jard\u00edn de Infantes N\u00b04 y N\u00b064 y Escuela T\u00e9cnica N\u00b08.<\/p>\n<\/div>\n","protected":false},"excerpt":{"rendered":"<p>Domingo, 25 Agosto 2024 &#8211; El Gobierno de Santa Cruz, a trav\u00e9s del Consejo Provincial de Educaci\u00f3n, concret\u00f3 la firma<\/p>\n","protected":false},"author":8,"featured_media":22766,"comment_status":"closed","ping_status":"closed","sticky":false,"template":"","format":"standard","meta":{"footnotes":""},"categories":[90],"tags":[],"class_list":["post-22790","post","type-post","status-publish","format-standard","has-post-thumbnail","hentry","category-educacion-2"],"_links":{"self":[{"href":"https:\/\/ecosdelsur.com\/index.php?rest_route=\/wp\/v2\/posts\/22790","targetHints":{"allow":["GET"]}}],"collection":[{"href":"https:\/\/ecosdelsur.com\/index.php?rest_route=\/wp\/v2\/posts"}],"about":[{"href":"https:\/\/ecosdelsur.com\/index.php?rest_route=\/wp\/v2\/types\/post"}],"author":[{"embeddable":true,"href":"https:\/\/ecosdelsur.com\/index.php?rest_route=\/wp\/v2\/users\/8"}],"replies":[{"embeddable":true,"href":"https:\/\/ecosdelsur.com\/index.php?rest_route=%2Fwp%2Fv2%2Fcomments&post=22790"}],"version-history":[{"count":0,"href":"https:\/\/ecosdelsur.com\/index.php?rest_route=\/wp\/v2\/posts\/22790\/revisions"}],"wp:featuredmedia":[{"embeddable":true,"href":"https:\/\/ecosdelsur.com\/index.php?rest_route=\/wp\/v2\/media\/22766"}],"wp:attachment":[{"href":"https:\/\/ecosdelsur.com\/index.php?rest_route=%2Fwp%2Fv2%2Fmedia&parent=22790"}],"wp:term":[{"taxonomy":"category","embeddable":true,"href":"https:\/\/ecosdelsur.com\/index.php?rest_route=%2Fwp%2Fv2%2Fcategories&post=22790"},{"taxonomy":"post_tag","embeddable":true,"href":"https:\/\/ecosdelsur.com\/index.php?rest_route=%2Fwp%2Fv2%2Ftags&post=22790"}],"curies":[{"name":"wp","href":"https:\/\/api.w.org\/{rel}","templated":true}]}}