{"id":22782,"date":"2024-08-26T04:49:54","date_gmt":"2024-08-26T04:49:54","guid":{"rendered":"https:\/\/ecosdelsur.com\/?p=22782"},"modified":"2024-08-26T04:50:35","modified_gmt":"2024-08-26T04:50:35","slug":"jornada-de-reflexion-y-debate-sobre-la-ninez-y-adolescencia","status":"publish","type":"post","link":"https:\/\/ecosdelsur.com\/?p=22782","title":{"rendered":"Jornada de reflexi\u00f3n y debate sobre la ni\u00f1ez y adolescencia"},"content":{"rendered":"<div class=\"itemToolbar2\">\n<p><span class=\"itemDateCreated\">Domingo, 25 Agosto 2024 &#8211; <\/span>La Autoridad de Aplicaci\u00f3n la Oficina de Ni\u00f1os, Ni\u00f1as y Adolescente de Caleta Olivia Y\u00e9sica Yapura particip\u00f3 de la\u00a0<strong>Jornada Infancias y Adolescencias: desaf\u00edos actuales y estrategias posibles.<\/strong><\/p>\n<\/div>\n<p><strong><img decoding=\"async\" class=\"wp-image-22786 alignleft lazyload\" data-src=\"https:\/\/ecosdelsur.com\/wp-content\/uploads\/2024\/08\/unpa1.jpg\" alt=\"\" width=\"646\" height=\"365\" data-srcset=\"https:\/\/ecosdelsur.com\/wp-content\/uploads\/2024\/08\/unpa1.jpg 871w, https:\/\/ecosdelsur.com\/wp-content\/uploads\/2024\/08\/unpa1-300x169.jpg 300w, https:\/\/ecosdelsur.com\/wp-content\/uploads\/2024\/08\/unpa1-768x434.jpg 768w\" data-sizes=\"(max-width: 646px) 100vw, 646px\" src=\"data:image\/svg+xml;base64,PHN2ZyB3aWR0aD0iMSIgaGVpZ2h0PSIxIiB4bWxucz0iaHR0cDovL3d3dy53My5vcmcvMjAwMC9zdmciPjwvc3ZnPg==\" style=\"--smush-placeholder-width: 646px; --smush-placeholder-aspect-ratio: 646\/365;\" \/><\/strong><\/p>\n<p>La jornada fue organizada por Forum Infancias, la unidad acad\u00e9mica Caleta Olivia de la Universidad Nacional de la Patagonia Austral y el Colegio Profesional de Psic\u00f3logas y Psic\u00f3logos de la provincia.<\/p>\n<p>Yapura plante\u00f3 en su exposici\u00f3n\u00a0<strong>\u201clo que vemos, normalmente y de manera recurrente en la oficina de protecci\u00f3n, es la falta de accesibilidad a la salud mental de los ni\u00f1os y adolescentes. Faltan un mont\u00f3n de espacios de contenci\u00f3n y acompa\u00f1amiento para estas ni\u00f1ez y adolescencias\u201d.<\/strong><\/p>\n<p><img decoding=\"async\" class=\"wp-image-22785 alignright lazyload\" data-src=\"https:\/\/ecosdelsur.com\/wp-content\/uploads\/2024\/08\/unpa.jpg\" alt=\"\" width=\"738\" height=\"479\" data-srcset=\"https:\/\/ecosdelsur.com\/wp-content\/uploads\/2024\/08\/unpa.jpg 821w, https:\/\/ecosdelsur.com\/wp-content\/uploads\/2024\/08\/unpa-300x195.jpg 300w, https:\/\/ecosdelsur.com\/wp-content\/uploads\/2024\/08\/unpa-768x499.jpg 768w\" data-sizes=\"(max-width: 738px) 100vw, 738px\" src=\"data:image\/svg+xml;base64,PHN2ZyB3aWR0aD0iMSIgaGVpZ2h0PSIxIiB4bWxucz0iaHR0cDovL3d3dy53My5vcmcvMjAwMC9zdmciPjwvc3ZnPg==\" style=\"--smush-placeholder-width: 738px; --smush-placeholder-aspect-ratio: 738\/479;\" \/>Su propuesta aborda la posibilidad de repensar de manera conjunta entre todos los actores \u201cacerca de qu\u00e9 hacemos como actores para acompa\u00f1ar a estas adolescencias y a estas infancias\u201d.<\/p>\n<p>En el marco del mes de las infancias, los organizadores propusieron la realizaci\u00f3n de la jornada de debate y reflexi\u00f3n sobre las problem\u00e1ticas actuales que atraviesan las infancias. L<strong>a actividad busc\u00f3 generar un espacio de intercambio y an\u00e1lisis, donde se abordaron las situaciones y desaf\u00edos de ni\u00f1as, ni\u00f1os y adolescentes de Caleta Olivia. Generaron reflexi\u00f3n y debate en torno a las problem\u00e1ticas actuales que afectan a las infancias y adolescencias, promoviendo la participaci\u00f3n activa de diferentes agentes, actores sociales y organismo.<\/strong><\/p>\n","protected":false},"excerpt":{"rendered":"<p>Domingo, 25 Agosto 2024 &#8211; La Autoridad de Aplicaci\u00f3n la Oficina de Ni\u00f1os, Ni\u00f1as y Adolescente de Caleta Olivia Y\u00e9sica<\/p>\n","protected":false},"author":8,"featured_media":22784,"comment_status":"closed","ping_status":"closed","sticky":false,"template":"","format":"standard","meta":{"footnotes":""},"categories":[34],"tags":[],"class_list":["post-22782","post","type-post","status-publish","format-standard","has-post-thumbnail","hentry","category-economia"],"_links":{"self":[{"href":"https:\/\/ecosdelsur.com\/index.php?rest_route=\/wp\/v2\/posts\/22782","targetHints":{"allow":["GET"]}}],"collection":[{"href":"https:\/\/ecosdelsur.com\/index.php?rest_route=\/wp\/v2\/posts"}],"about":[{"href":"https:\/\/ecosdelsur.com\/index.php?rest_route=\/wp\/v2\/types\/post"}],"author":[{"embeddable":true,"href":"https:\/\/ecosdelsur.com\/index.php?rest_route=\/wp\/v2\/users\/8"}],"replies":[{"embeddable":true,"href":"https:\/\/ecosdelsur.com\/index.php?rest_route=%2Fwp%2Fv2%2Fcomments&post=22782"}],"version-history":[{"count":0,"href":"https:\/\/ecosdelsur.com\/index.php?rest_route=\/wp\/v2\/posts\/22782\/revisions"}],"wp:featuredmedia":[{"embeddable":true,"href":"https:\/\/ecosdelsur.com\/index.php?rest_route=\/wp\/v2\/media\/22784"}],"wp:attachment":[{"href":"https:\/\/ecosdelsur.com\/index.php?rest_route=%2Fwp%2Fv2%2Fmedia&parent=22782"}],"wp:term":[{"taxonomy":"category","embeddable":true,"href":"https:\/\/ecosdelsur.com\/index.php?rest_route=%2Fwp%2Fv2%2Fcategories&post=22782"},{"taxonomy":"post_tag","embeddable":true,"href":"https:\/\/ecosdelsur.com\/index.php?rest_route=%2Fwp%2Fv2%2Ftags&post=22782"}],"curies":[{"name":"wp","href":"https:\/\/api.w.org\/{rel}","templated":true}]}}