{"id":22763,"date":"2024-08-26T01:47:36","date_gmt":"2024-08-26T01:47:36","guid":{"rendered":"https:\/\/ecosdelsur.com\/?p=22763"},"modified":"2024-08-26T01:48:20","modified_gmt":"2024-08-26T01:48:20","slug":"guenchenen-culmino-la-celebracion-del-dia-del-nino-con-mas-de-50-000-santacrucenos","status":"publish","type":"post","link":"https:\/\/ecosdelsur.com\/?p=22763","title":{"rendered":"Guenchenen culmin\u00f3 la celebraci\u00f3n del d\u00eda del ni\u00f1o con m\u00e1s de 50.000 santacruce\u00f1os"},"content":{"rendered":"<div class=\"itemToolbar2\">\n<p><span class=\"itemDateCreated\">Domingo, 25 Agosto 2024 &#8211; <\/span>Este domingo hubo festejos en R\u00edo Gallegos, y distintas localidades del interior, que se sumaron a los desarrollados la \u00faltima semana en Las Heras, Pico Truncado y Caleta Olivia. <img decoding=\"async\" class=\"alignnone size-full wp-image-22767 lazyload\" data-src=\"https:\/\/ecosdelsur.com\/wp-content\/uploads\/2024\/08\/WhatsApp-Image-2024-08-25-at-20.44.06-1.jpeg\" alt=\"\" width=\"1024\" height=\"587\" data-srcset=\"https:\/\/ecosdelsur.com\/wp-content\/uploads\/2024\/08\/WhatsApp-Image-2024-08-25-at-20.44.06-1.jpeg 1024w, https:\/\/ecosdelsur.com\/wp-content\/uploads\/2024\/08\/WhatsApp-Image-2024-08-25-at-20.44.06-1-300x172.jpeg 300w, https:\/\/ecosdelsur.com\/wp-content\/uploads\/2024\/08\/WhatsApp-Image-2024-08-25-at-20.44.06-1-768x440.jpeg 768w\" data-sizes=\"(max-width: 1024px) 100vw, 1024px\" src=\"data:image\/svg+xml;base64,PHN2ZyB3aWR0aD0iMSIgaGVpZ2h0PSIxIiB4bWxucz0iaHR0cDovL3d3dy53My5vcmcvMjAwMC9zdmciPjwvc3ZnPg==\" style=\"--smush-placeholder-width: 1024px; --smush-placeholder-aspect-ratio: 1024\/587;\" \/>Hubo espect\u00e1culos musicales, shows art\u00edsticos y grandes sorteos, y no se limit\u00f3 a los afiliados petroleros, sino que estuvo abierta a cada una de las comunidades. &#8220;Nuevamente decimos presente para celebrar con los m\u00e1s peque\u00f1os esta jornada tan especial&#8221; puntualiz\u00f3 el Secretario General del Sindicato Petrolero, Rafael G\u00fcenchenen.<img decoding=\"async\" class=\"alignnone size-full wp-image-22776 lazyload\" data-src=\"https:\/\/ecosdelsur.com\/wp-content\/uploads\/2024\/08\/WhatsApp-Image-2024-08-25-at-21.09.23-1.jpeg\" alt=\"\" width=\"1024\" height=\"582\" data-srcset=\"https:\/\/ecosdelsur.com\/wp-content\/uploads\/2024\/08\/WhatsApp-Image-2024-08-25-at-21.09.23-1.jpeg 1024w, https:\/\/ecosdelsur.com\/wp-content\/uploads\/2024\/08\/WhatsApp-Image-2024-08-25-at-21.09.23-1-300x171.jpeg 300w, https:\/\/ecosdelsur.com\/wp-content\/uploads\/2024\/08\/WhatsApp-Image-2024-08-25-at-21.09.23-1-768x437.jpeg 768w\" data-sizes=\"(max-width: 1024px) 100vw, 1024px\" src=\"data:image\/svg+xml;base64,PHN2ZyB3aWR0aD0iMSIgaGVpZ2h0PSIxIiB4bWxucz0iaHR0cDovL3d3dy53My5vcmcvMjAwMC9zdmciPjwvc3ZnPg==\" style=\"--smush-placeholder-width: 1024px; --smush-placeholder-aspect-ratio: 1024\/582;\" \/><\/p>\n<\/div>\n<p>Este domingo, la localidad de R\u00edo Gallegos se visti\u00f3 de fiesta, con la tradicional celebraci\u00f3n del D\u00eda del Ni\u00f1o organizada por el Sindicato Petrolero, Gas Privado y Energ\u00edas Renovables liderado por Rafael G\u00fcenchenen.<\/p>\n<p>En R\u00edo Gallegos, Gobernador Gregores, San Juli\u00e1n, Perito Moreno y Sarmiento, entre otras localidades, una multitud de ni\u00f1os presenciaron eventos que contaron con espect\u00e1culos musicales, shows art\u00edsticos y grandes sorteos, en un escenario de juegos infantiles, panchos, y todos los condimentos para una jornada m\u00e1s que especial. Los castillos inflables, la leche chocolatada, los panchos, las tortas fritas y las gaseosas fueron solo un complemento en un d\u00eda donde la integraci\u00f3n y la inclusi\u00f3n fueron protagonistas.<img decoding=\"async\" class=\"alignnone size-full wp-image-22769 lazyload\" data-src=\"https:\/\/ecosdelsur.com\/wp-content\/uploads\/2024\/08\/WhatsApp-Image-2024-08-25-at-20.44.07.jpeg\" alt=\"\" width=\"1024\" height=\"545\" data-srcset=\"https:\/\/ecosdelsur.com\/wp-content\/uploads\/2024\/08\/WhatsApp-Image-2024-08-25-at-20.44.07.jpeg 1024w, https:\/\/ecosdelsur.com\/wp-content\/uploads\/2024\/08\/WhatsApp-Image-2024-08-25-at-20.44.07-300x160.jpeg 300w, https:\/\/ecosdelsur.com\/wp-content\/uploads\/2024\/08\/WhatsApp-Image-2024-08-25-at-20.44.07-768x409.jpeg 768w\" data-sizes=\"(max-width: 1024px) 100vw, 1024px\" src=\"data:image\/svg+xml;base64,PHN2ZyB3aWR0aD0iMSIgaGVpZ2h0PSIxIiB4bWxucz0iaHR0cDovL3d3dy53My5vcmcvMjAwMC9zdmciPjwvc3ZnPg==\" style=\"--smush-placeholder-width: 1024px; --smush-placeholder-aspect-ratio: 1024\/545;\" \/><\/p>\n<p>A los 30.000 participantes de Pico Truncado, Las Heras y Caleta Olivia, se sumaron 20.000 m\u00e1s, terminando de redondear un festejo que incluy\u00f3 a la mitad de los habitantes de la provincia.<\/p>\n<p>Como de costumbre, la celebraci\u00f3n no se limit\u00f3 a los afiliados de la entidad sindical, sino que estuvo dirigida a todos los ni\u00f1os de las comunidades de distintos puntos de la provincia, incluyendo tambi\u00e9n Sarmiento, donde SIPGER tiene afiliados, como as\u00ed tambi\u00e9n otras localidades donde no hay afiliados petroleros, pero s\u00ed de estaciones de servicios, y la celebraci\u00f3n se realiz\u00f3 por primera vez.<\/p>\n<p>Finalizado el encuentro, G\u00fcenchenen hizo hincapi\u00e9 en el rol fundamental que el sindicato desempe\u00f1a en la promoci\u00f3n del bienestar infantil y la educaci\u00f3n, destacando las iniciativas como las \u201cEscuelas del Viento\u201d y otros beneficios dirigidos a este sector. &#8220;Nuestro compromiso es con los ni\u00f1os que son el semillero de las nuevas generaciones, y por lo tanto, hay una responsabilidad de garantizarles sus derechos b\u00e1sicos para su pleno desarrollo. Invertir en ellos es invertir en una sociedad m\u00e1s justa y equitativa. SIPGER trabaja en ese sentido, ofreciendo espacios en todos los aspectos de la vida de cada uno de ellos, de ah\u00ed las escuelas, los polideportivos, los camping&#8221;, puntualiz\u00f3.<\/p>\n","protected":false},"excerpt":{"rendered":"<p>Domingo, 25 Agosto 2024 &#8211; Este domingo hubo festejos en R\u00edo Gallegos, y distintas localidades del interior, que se sumaron<\/p>\n","protected":false},"author":8,"featured_media":22768,"comment_status":"closed","ping_status":"closed","sticky":false,"template":"","format":"standard","meta":{"footnotes":""},"categories":[368],"tags":[],"class_list":["post-22763","post","type-post","status-publish","format-standard","has-post-thumbnail","hentry","category-gremiales"],"_links":{"self":[{"href":"https:\/\/ecosdelsur.com\/index.php?rest_route=\/wp\/v2\/posts\/22763","targetHints":{"allow":["GET"]}}],"collection":[{"href":"https:\/\/ecosdelsur.com\/index.php?rest_route=\/wp\/v2\/posts"}],"about":[{"href":"https:\/\/ecosdelsur.com\/index.php?rest_route=\/wp\/v2\/types\/post"}],"author":[{"embeddable":true,"href":"https:\/\/ecosdelsur.com\/index.php?rest_route=\/wp\/v2\/users\/8"}],"replies":[{"embeddable":true,"href":"https:\/\/ecosdelsur.com\/index.php?rest_route=%2Fwp%2Fv2%2Fcomments&post=22763"}],"version-history":[{"count":0,"href":"https:\/\/ecosdelsur.com\/index.php?rest_route=\/wp\/v2\/posts\/22763\/revisions"}],"wp:featuredmedia":[{"embeddable":true,"href":"https:\/\/ecosdelsur.com\/index.php?rest_route=\/wp\/v2\/media\/22768"}],"wp:attachment":[{"href":"https:\/\/ecosdelsur.com\/index.php?rest_route=%2Fwp%2Fv2%2Fmedia&parent=22763"}],"wp:term":[{"taxonomy":"category","embeddable":true,"href":"https:\/\/ecosdelsur.com\/index.php?rest_route=%2Fwp%2Fv2%2Fcategories&post=22763"},{"taxonomy":"post_tag","embeddable":true,"href":"https:\/\/ecosdelsur.com\/index.php?rest_route=%2Fwp%2Fv2%2Ftags&post=22763"}],"curies":[{"name":"wp","href":"https:\/\/api.w.org\/{rel}","templated":true}]}}