{"id":22759,"date":"2024-08-25T04:53:01","date_gmt":"2024-08-25T04:53:01","guid":{"rendered":"https:\/\/ecosdelsur.com\/?p=22759"},"modified":"2024-08-25T04:55:07","modified_gmt":"2024-08-25T04:55:07","slug":"educacion-continua-impulsando-el-fortalecimiento-de-la-educacion-tecnico-profesional","status":"publish","type":"post","link":"https:\/\/ecosdelsur.com\/?p=22759","title":{"rendered":"Educaci\u00f3n contin\u00faa impulsando el fortalecimiento de la Educaci\u00f3n T\u00e9cnico Profesional"},"content":{"rendered":"<div class=\"itemToolbar2\">\n<p>\u00a0<span class=\"itemDateCreated\">S\u00e1bado, 24 Agosto 2024 &#8211; <\/span>El Gobierno de Santa Cruz, a trav\u00e9s del Consejo Provincial de Educaci\u00f3n, concret\u00f3 una reuni\u00f3n con autoridades de la Fundaci\u00f3n Banco Santa Cruz, en el marco del desarrollo de una Jornada de Vinculaci\u00f3n entre escuelas t\u00e9cnicas y empresas. La misma tendr\u00e1 lugar en el Auditorio del Centro Cultural Santa Cruz, el lunes 26 de agosto, a las 16:30.<\/p>\n<\/div>\n<div class=\"itemFullText\">\n<p>En esta ocasi\u00f3n, la titular de la Cartera Educativa, Iris Rasgido junto a la vicepresidenta, Esther Pucheta se reuni\u00f3 con el Secretario de la Fundaci\u00f3n Banco Santa Cruz, Diego Pagliari y la Coordinadora de la fundaci\u00f3n, Andrea Bahamonde para dialogar sobre las distintas acciones que llevan adelante de forma articulada con el prop\u00f3sito de mejorar y fortalecer la Educaci\u00f3n T\u00e9cnica Profesional en la provincia.<\/p>\n<p>El secretario Pagliari coment\u00f3 que se encuentran muy contentos por este di\u00e1logo abierto con el Consejo Provincial Educaci\u00f3n. \u201cHemos tra\u00eddo una serie de programas en los cuales ya estamos trabajando y poni\u00e9ndonos puntos en com\u00fan para seguir avanzando con la programaci\u00f3n tanto para el 2024 como para el pr\u00f3ximo a\u00f1o\u201d, destac\u00f3.<\/p>\n<p>La Fundaci\u00f3n Banco Santa Cruz, se compromete desde hace m\u00e1s de 10 a\u00f1os, en la transformaci\u00f3n de la escuela secundaria por medio de m\u00faltiples acciones e intervenciones de inversi\u00f3n social orientadas a promover la excelencia educativa y los valores culturales de las comunidades.<\/p>\n<p><strong>Sobre la Jornada de Vinculaci\u00f3n<\/strong><\/p>\n<p>La Cartera Educativa, a trav\u00e9s de la Direcci\u00f3n Provincial de Educaci\u00f3n T\u00e9cnica Profesional, acompa\u00f1a a los y las estudiantes en el desarrollo de capacidades, conocimientos, habilidades, destrezas, valores y actitudes relacionadas con desempe\u00f1os y criterios de profesionalidad propios del contexto socio productivo.<\/p>\n<p>Por ello que se organiz\u00f3 una Jornada de Vinculaci\u00f3n entre escuelas t\u00e9cnicas y empresas, con el objetivo de promover el desarrollo regional, a trav\u00e9s del fortalecimiento y la generaci\u00f3n de v\u00ednculos entre escuelas t\u00e9cnicas de la provincia, el Instituto Nacional de Educaci\u00f3n Tecnol\u00f3gica (INET) y el entramado productivo local.<\/p>\n<p>Estudiantes de las escuelas t\u00e9cnicas de R\u00edo Gallegos expondr\u00e1n distintos proyectos y trabajos desarrollados en el marco de las Pr\u00e1cticas Profesionalizantes. Las mismas son una oportunidad fundamental para los j\u00f3venes, y un paso importante en su formaci\u00f3n, ya que les permiten adquirir experiencia pr\u00e1ctica, desarrollar habilidades y obtener una visi\u00f3n m\u00e1s clara de su futuro profesional. Adem\u00e1s, brindan la oportunidad de forjar un curr\u00edculum s\u00f3lido y establecer conexiones profesionales que pueden ser muy valiosas.<\/p>\n<p>Estar\u00e1n presentes el director ejecutivo del Instituto Nacional de Educaci\u00f3n Tecnol\u00f3gica (INET), Ludovico Grillo; autoridades de la Fundaci\u00f3n Banco Santa Cruz, y el equipo de gesti\u00f3n del Consejo Provincial de Educaci\u00f3n.<\/p>\n<\/div>\n","protected":false},"excerpt":{"rendered":"<p>\u00a0S\u00e1bado, 24 Agosto 2024 &#8211; El Gobierno de Santa Cruz, a trav\u00e9s del Consejo Provincial de Educaci\u00f3n, concret\u00f3 una reuni\u00f3n<\/p>\n","protected":false},"author":8,"featured_media":22760,"comment_status":"closed","ping_status":"closed","sticky":false,"template":"","format":"standard","meta":{"footnotes":""},"categories":[90],"tags":[],"class_list":["post-22759","post","type-post","status-publish","format-standard","has-post-thumbnail","hentry","category-educacion-2"],"_links":{"self":[{"href":"https:\/\/ecosdelsur.com\/index.php?rest_route=\/wp\/v2\/posts\/22759","targetHints":{"allow":["GET"]}}],"collection":[{"href":"https:\/\/ecosdelsur.com\/index.php?rest_route=\/wp\/v2\/posts"}],"about":[{"href":"https:\/\/ecosdelsur.com\/index.php?rest_route=\/wp\/v2\/types\/post"}],"author":[{"embeddable":true,"href":"https:\/\/ecosdelsur.com\/index.php?rest_route=\/wp\/v2\/users\/8"}],"replies":[{"embeddable":true,"href":"https:\/\/ecosdelsur.com\/index.php?rest_route=%2Fwp%2Fv2%2Fcomments&post=22759"}],"version-history":[{"count":0,"href":"https:\/\/ecosdelsur.com\/index.php?rest_route=\/wp\/v2\/posts\/22759\/revisions"}],"wp:featuredmedia":[{"embeddable":true,"href":"https:\/\/ecosdelsur.com\/index.php?rest_route=\/wp\/v2\/media\/22760"}],"wp:attachment":[{"href":"https:\/\/ecosdelsur.com\/index.php?rest_route=%2Fwp%2Fv2%2Fmedia&parent=22759"}],"wp:term":[{"taxonomy":"category","embeddable":true,"href":"https:\/\/ecosdelsur.com\/index.php?rest_route=%2Fwp%2Fv2%2Fcategories&post=22759"},{"taxonomy":"post_tag","embeddable":true,"href":"https:\/\/ecosdelsur.com\/index.php?rest_route=%2Fwp%2Fv2%2Ftags&post=22759"}],"curies":[{"name":"wp","href":"https:\/\/api.w.org\/{rel}","templated":true}]}}