{"id":22756,"date":"2024-08-25T04:49:51","date_gmt":"2024-08-25T04:49:51","guid":{"rendered":"https:\/\/ecosdelsur.com\/?p=22756"},"modified":"2024-08-25T04:49:51","modified_gmt":"2024-08-25T04:49:51","slug":"luisa-cardenas-voy-trabajar-con-transparencia-y-honestidad","status":"publish","type":"post","link":"https:\/\/ecosdelsur.com\/?p=22756","title":{"rendered":"Luisa C\u00e1rdenas: \u201cVoy trabajar con transparencia y honestidad\u201d"},"content":{"rendered":"<div class=\"itemToolbar2\">\n<p><span class=\"itemDateCreated\">S\u00e1bado, 24 Agosto 2024\u00a0 &#8211; <\/span>La nueva ministra de Desarrollo Social, Igualdad e Integraci\u00f3n de Santa Cruz, Luisa C\u00e1rdenas, quien prest\u00f3 juramento el pasado jueves en Casa de Gobierno, dio a conocer algunos de su lineamientos de trabajo en la nueva gesti\u00f3n, focalizado especialmente en el trabajo territorial y en cada una de las localidades. \u201cMi idea es recorrer todo el interior provincial y juntarme con todos los sectores, sin distinci\u00f3n de colores pol\u00edticos\u201d, enfatiz\u00f3.<\/p>\n<\/div>\n<p>La flamante ministra de Desarrollo Social, Igualdad e Integraci\u00f3n, Luisa C\u00e1rdenas, qui\u00e9n fue puesta en funciones hace un par de d\u00edas en una ceremonia realizada en el Sal\u00f3n Blanco de Casa de Gobierno, acto que estuvo presidido por el gobernador de Santa Cruz, Claudio Vidal, confirm\u00f3 que visitar\u00e1 las localidades para tomar contacto con las fuerzas vivas de cada lugar y conocer a fondo las problem\u00e1ticas de cada una de ellas y desestim\u00f3 comentarios sobre su participaci\u00f3n en anteriores gestiones al sostener que es una trabajadora de casi veinte a\u00f1os en la administraci\u00f3n p\u00fablica y una persona convencida de que hay que apostar al \u00e9xito de la presente administraci\u00f3n.<\/p>\n<p>\u201cFue una sorpresa para m\u00ed\u201d admiti\u00f3 la nueva funcionaria, cuando fue consultada sobre el momento en que se le propuso hacerse cargo de la cartera social. \u201cNo me esperaba esta posibilidad de poder acompa\u00f1ar al gobernador Claudio Vidal y es un honor formar parte de su gabinete, donde todos son excelentes personas\u201d, agreg\u00f3.<\/p>\n<p>De esta manera, indic\u00f3 que cuando lleg\u00f3 la propuesta \u201cpens\u00e9 en que siempre he querido que salgamos todos adelante y, si bien esto significa un gran desaf\u00edo para m\u00ed, apuesto a qu\u00e9 voy a poder\u201d.<\/p>\n<p>\u201cCuando su nombre comenz\u00f3 a sonar para ocupar el Ministerio de Desarrollo Social, Igualdad e Integraci\u00f3n algunos sectores empezaron a se\u00f1alar que hab\u00eda sido funcionaria de anteriores gestiones\u201d, dijo. En ese sentido, fue taxativa al sostener que \u201cyo ingres\u00e9 a la administraci\u00f3n p\u00fablica hace diecinueve a\u00f1os, al entonces Ministerio de Desarrollo Social, as\u00ed que vengo trabajando desde hace bastante tiempo\u201d.<\/p>\n<p>\u201cVengo de participar en varias gestiones\u201d reconoci\u00f3, al tiempo que enfatiz\u00f3 que \u201capuesto a este gobierno\u201d y, en ese marco\u00a0 asegur\u00f3: \u201cMe tengo fe: vamos a salir adelante\u201d.<\/p>\n<p>\u201cVoy \u2013subray\u00f3- a trabajar con transparencia y honestidad, sobre todo porque cuando el Gobernador me autoriz\u00f3 a llevar mi equipo y a hacer los cambios que yo creyera necesarios, supe que vamos a poder responder a esa gente que voto por un cambio\u201d.<\/p>\n<p>Respecto a los ejes que pens\u00f3 para su gesti\u00f3n, si bien mencion\u00f3 que todav\u00eda se est\u00e1 organizando con las \u00e1reas, inform\u00f3 que \u201cmi primera idea es ver qu\u00e9 sectores tenemos que reforzar y me preocupan las comunidades de riesgo que son aquellas que est\u00e1n pasando situaciones de vulnerabilidad social. Nuestra idea es acercarnos y escuchar, para despu\u00e9s acompa\u00f1arlos como corresponde\u201d.<\/p>\n<p>En cuanto a quienes la acompa\u00f1aran coment\u00f3 que \u201cestoy armando el equipo\u201d y, en ese contexto, a\u00f1adi\u00f3 que \u201cmi idea es recorrer todo el interior provincial y juntarme con todos los sectores, sin distinci\u00f3n de colores pol\u00edticos, para conocer las problem\u00e1ticas y buscar soluciones\u201d.<\/p>\n<p>Tras puntualizar que como trabajadora del estado fue un sue\u00f1o estar a cargo en el Ministerio de Desarrollo Social, Igualdad e Integraci\u00f3n, consultada por su antecesora, \u00a0Jazm\u00edn Macchiavelli, opin\u00f3 que \u201chizo una buena gesti\u00f3n\u201d y, al respecto aclar\u00f3 \u201cla gente no siempre se va porque hizo algo mal, a veces son otros roles los que tienen que cumplir y, de hecho, me va a estar acompa\u00f1ando\u201d.<\/p>\n<p>\u201cLe agradezco, profundamente, al Gobernador que me haya elegido y que haya confiado en m\u00ed\u201d, remarc\u00f3, en tanto, concluy\u00f3 dirigi\u00e9ndose a la ciudadan\u00eda de Santa Cruz dici\u00e9ndole que \u201cpido paciencia porque los cambios se van a dar para que todos podamos mejorar\u201d.<\/p>\n<p>&nbsp;<\/p>\n","protected":false},"excerpt":{"rendered":"<p>S\u00e1bado, 24 Agosto 2024\u00a0 &#8211; La nueva ministra de Desarrollo Social, Igualdad e Integraci\u00f3n de Santa Cruz, Luisa C\u00e1rdenas, quien<\/p>\n","protected":false},"author":8,"featured_media":22757,"comment_status":"closed","ping_status":"closed","sticky":false,"template":"","format":"standard","meta":{"footnotes":""},"categories":[1],"tags":[],"class_list":["post-22756","post","type-post","status-publish","format-standard","has-post-thumbnail","hentry","category-uncategorized"],"_links":{"self":[{"href":"https:\/\/ecosdelsur.com\/index.php?rest_route=\/wp\/v2\/posts\/22756","targetHints":{"allow":["GET"]}}],"collection":[{"href":"https:\/\/ecosdelsur.com\/index.php?rest_route=\/wp\/v2\/posts"}],"about":[{"href":"https:\/\/ecosdelsur.com\/index.php?rest_route=\/wp\/v2\/types\/post"}],"author":[{"embeddable":true,"href":"https:\/\/ecosdelsur.com\/index.php?rest_route=\/wp\/v2\/users\/8"}],"replies":[{"embeddable":true,"href":"https:\/\/ecosdelsur.com\/index.php?rest_route=%2Fwp%2Fv2%2Fcomments&post=22756"}],"version-history":[{"count":0,"href":"https:\/\/ecosdelsur.com\/index.php?rest_route=\/wp\/v2\/posts\/22756\/revisions"}],"wp:featuredmedia":[{"embeddable":true,"href":"https:\/\/ecosdelsur.com\/index.php?rest_route=\/wp\/v2\/media\/22757"}],"wp:attachment":[{"href":"https:\/\/ecosdelsur.com\/index.php?rest_route=%2Fwp%2Fv2%2Fmedia&parent=22756"}],"wp:term":[{"taxonomy":"category","embeddable":true,"href":"https:\/\/ecosdelsur.com\/index.php?rest_route=%2Fwp%2Fv2%2Fcategories&post=22756"},{"taxonomy":"post_tag","embeddable":true,"href":"https:\/\/ecosdelsur.com\/index.php?rest_route=%2Fwp%2Fv2%2Ftags&post=22756"}],"curies":[{"name":"wp","href":"https:\/\/api.w.org\/{rel}","templated":true}]}}