{"id":22753,"date":"2024-08-25T04:47:22","date_gmt":"2024-08-25T04:47:22","guid":{"rendered":"https:\/\/ecosdelsur.com\/?p=22753"},"modified":"2024-08-25T04:47:22","modified_gmt":"2024-08-25T04:47:22","slug":"agrupacion-propongamos-un-sueno-acompana-a-fernanda-crespo-en-su-viaje-a-italia","status":"publish","type":"post","link":"https:\/\/ecosdelsur.com\/?p=22753","title":{"rendered":"Agrupaci\u00f3n \u201cPropongamos un Sue\u00f1o\u201d acompa\u00f1a a Fernanda Crespo en su viaje a Italia"},"content":{"rendered":"<div class=\"itemToolbar2\">\n<p><span class=\"itemDateCreated\">S\u00e1bado, 24 Agosto 2024 &#8211; <\/span>Desde la agrupacon \u201cPropongamos un Sue\u00f1o\u201d manifestaron &#8220;Hoy tuvimos el honor de reunirnos con quien nos representar\u00e1 en el Mundial de Danzas (Artes Esc\u00e9nicas) en Roma, Italia&#8221;.<\/p>\n<\/div>\n<p>&#8220;Se trata de Fernanda Crespo que\u00a0 desde el 1 al 15 de septiembre, la joven podr\u00e1 estar presente en este importante mundial junto a la delegaci\u00f3n argentina&#8221;.<\/p>\n<p>A trav\u00e9s de la Agrupaci\u00f3n Propongamos un Sue\u00f1o &#8220;nos entusiasma saber que nuestros j\u00f3venes buscan la forma de superarse d\u00eda a d\u00eda, por lo que nos enorgullece haber contribuido con los pasajes ida y vuelta (Caleta Olivia-Buenos Aires) para que Mar\u00eda Fernanda pueda concretar esta nueva meta&#8221;.<\/p>\n<p>Por ultimo destacaron&#8221;Agradecemos al diputado \u00b4Kaky\u00b4 Gonz\u00e1lez y nuestro referente Pablo Gonz\u00e1lez, por que siempre escuchan\u00a0 las inquietudes de nuestra sociedad&#8221;.<\/p>\n","protected":false},"excerpt":{"rendered":"<p>S\u00e1bado, 24 Agosto 2024 &#8211; Desde la agrupacon \u201cPropongamos un Sue\u00f1o\u201d manifestaron &#8220;Hoy tuvimos el honor de reunirnos con quien<\/p>\n","protected":false},"author":8,"featured_media":22754,"comment_status":"closed","ping_status":"closed","sticky":false,"template":"","format":"standard","meta":{"footnotes":""},"categories":[38],"tags":[],"class_list":["post-22753","post","type-post","status-publish","format-standard","has-post-thumbnail","hentry","category-espectaculos"],"_links":{"self":[{"href":"https:\/\/ecosdelsur.com\/index.php?rest_route=\/wp\/v2\/posts\/22753","targetHints":{"allow":["GET"]}}],"collection":[{"href":"https:\/\/ecosdelsur.com\/index.php?rest_route=\/wp\/v2\/posts"}],"about":[{"href":"https:\/\/ecosdelsur.com\/index.php?rest_route=\/wp\/v2\/types\/post"}],"author":[{"embeddable":true,"href":"https:\/\/ecosdelsur.com\/index.php?rest_route=\/wp\/v2\/users\/8"}],"replies":[{"embeddable":true,"href":"https:\/\/ecosdelsur.com\/index.php?rest_route=%2Fwp%2Fv2%2Fcomments&post=22753"}],"version-history":[{"count":0,"href":"https:\/\/ecosdelsur.com\/index.php?rest_route=\/wp\/v2\/posts\/22753\/revisions"}],"wp:featuredmedia":[{"embeddable":true,"href":"https:\/\/ecosdelsur.com\/index.php?rest_route=\/wp\/v2\/media\/22754"}],"wp:attachment":[{"href":"https:\/\/ecosdelsur.com\/index.php?rest_route=%2Fwp%2Fv2%2Fmedia&parent=22753"}],"wp:term":[{"taxonomy":"category","embeddable":true,"href":"https:\/\/ecosdelsur.com\/index.php?rest_route=%2Fwp%2Fv2%2Fcategories&post=22753"},{"taxonomy":"post_tag","embeddable":true,"href":"https:\/\/ecosdelsur.com\/index.php?rest_route=%2Fwp%2Fv2%2Ftags&post=22753"}],"curies":[{"name":"wp","href":"https:\/\/api.w.org\/{rel}","templated":true}]}}