{"id":22738,"date":"2024-08-24T05:50:46","date_gmt":"2024-08-24T05:50:46","guid":{"rendered":"https:\/\/ecosdelsur.com\/?p=22738"},"modified":"2024-08-24T05:51:48","modified_gmt":"2024-08-24T05:51:48","slug":"vidal-anuncio-que-salud-educacion-y-entes-provinciales-no-adheriran-a-asuetos-municipales","status":"publish","type":"post","link":"https:\/\/ecosdelsur.com\/?p=22738","title":{"rendered":"Vidal anunci\u00f3 que Salud, Educaci\u00f3n y Entes Provinciales no adherir\u00e1n a asuetos municipales"},"content":{"rendered":"<div class=\"itemToolbar2\">\n<p><span class=\"itemDateCreated\">Viernes, 23 Agosto 2024 &#8211; <\/span>El gobernador Claudio Vidal se encuentra de visita en la localidad de Comandante Luis Piedra Buena, la cual celebrar\u00e1 este s\u00e1bado 24 de agosto sus 191 a\u00f1os, donde recorri\u00f3 escuelas, viviendas y el Hospital Seccional Armando Zamudio. Celebr\u00f3 la creaci\u00f3n de la Empresa Provincial de Alimentos, e hizo el anuncio de que los organismos provinciales no se adherir\u00e1n a los asuetos que den los municipios de la provincia.<img decoding=\"async\" class=\"alignnone size-full wp-image-22740 lazyload\" data-src=\"https:\/\/ecosdelsur.com\/wp-content\/uploads\/2024\/08\/Vidal_-_Piedra_Buena_3.jpeg\" alt=\"\" width=\"1024\" height=\"623\" data-srcset=\"https:\/\/ecosdelsur.com\/wp-content\/uploads\/2024\/08\/Vidal_-_Piedra_Buena_3.jpeg 1024w, https:\/\/ecosdelsur.com\/wp-content\/uploads\/2024\/08\/Vidal_-_Piedra_Buena_3-300x183.jpeg 300w, https:\/\/ecosdelsur.com\/wp-content\/uploads\/2024\/08\/Vidal_-_Piedra_Buena_3-768x467.jpeg 768w\" data-sizes=\"(max-width: 1024px) 100vw, 1024px\" src=\"data:image\/svg+xml;base64,PHN2ZyB3aWR0aD0iMSIgaGVpZ2h0PSIxIiB4bWxucz0iaHR0cDovL3d3dy53My5vcmcvMjAwMC9zdmciPjwvc3ZnPg==\" style=\"--smush-placeholder-width: 1024px; --smush-placeholder-aspect-ratio: 1024\/623;\" \/><\/p>\n<\/div>\n<div class=\"itemFullText\">\n<p>El mandatario provincial junto a integrantes de su equipo de trabajo lleg\u00f3 hoy muy temprano a la localidad de Comandante Luis Piedra Buena, donde fue recibido por la intendenta Anal\u00eda Farias. En la oportunidad, visit\u00f3 las instalaciones del Municipio, distintas instituciones educativas, viviendas y el nosocomio local.<img decoding=\"async\" class=\"alignnone size-full wp-image-22741 lazyload\" data-src=\"https:\/\/ecosdelsur.com\/wp-content\/uploads\/2024\/08\/Vidal_-_Piedra_Buena_4.jpeg\" alt=\"\" width=\"1024\" height=\"614\" data-srcset=\"https:\/\/ecosdelsur.com\/wp-content\/uploads\/2024\/08\/Vidal_-_Piedra_Buena_4.jpeg 1024w, https:\/\/ecosdelsur.com\/wp-content\/uploads\/2024\/08\/Vidal_-_Piedra_Buena_4-300x180.jpeg 300w, https:\/\/ecosdelsur.com\/wp-content\/uploads\/2024\/08\/Vidal_-_Piedra_Buena_4-768x461.jpeg 768w\" data-sizes=\"(max-width: 1024px) 100vw, 1024px\" src=\"data:image\/svg+xml;base64,PHN2ZyB3aWR0aD0iMSIgaGVpZ2h0PSIxIiB4bWxucz0iaHR0cDovL3d3dy53My5vcmcvMjAwMC9zdmciPjwvc3ZnPg==\" style=\"--smush-placeholder-width: 1024px; --smush-placeholder-aspect-ratio: 1024\/614;\" \/><\/p>\n<p>En ese marco, el Gobernador aprovech\u00f3 la ocasi\u00f3n para que sepan todos los vecinos de la provincia de Santa Cruz que de \u201cahora en adelante los hospitales y las escuelas, el sector educativo y de salud, no se adhieren m\u00e1s a ning\u00fan asueto municipal\u201d. En ese sentido, Vidal aclar\u00f3 que esta es una situaci\u00f3n que se viene dando desde hace mucho tiempo en los centros estatales y en una provincia en donde se trabaja d\u00eda a d\u00eda para mejorar la educaci\u00f3n, la salud lo que se tiene que hacer, es justamente trabajar y no aprovechar cualquier situaci\u00f3n o d\u00eda de conmemoraci\u00f3n hist\u00f3rica para no hacerlo. \u00a0\u201cEsta comienza a ser una provincia distinta, son tiempos nuevos y a partir de ahora se trabaja as\u00ed que no hay m\u00e1s asueto para los entes provinciales, m\u00e1s all\u00e1 de que los municipios tomen la decisi\u00f3n de tener el d\u00eda con asueto. Esta es una decisi\u00f3n que acaba de ser tomada\u201d, recalc\u00f3.<img decoding=\"async\" class=\"alignnone size-full wp-image-22739 lazyload\" data-src=\"https:\/\/ecosdelsur.com\/wp-content\/uploads\/2024\/08\/Vidal_-_Piedra_Buena_2.jpeg\" alt=\"\" width=\"1024\" height=\"655\" data-srcset=\"https:\/\/ecosdelsur.com\/wp-content\/uploads\/2024\/08\/Vidal_-_Piedra_Buena_2.jpeg 1024w, https:\/\/ecosdelsur.com\/wp-content\/uploads\/2024\/08\/Vidal_-_Piedra_Buena_2-300x192.jpeg 300w, https:\/\/ecosdelsur.com\/wp-content\/uploads\/2024\/08\/Vidal_-_Piedra_Buena_2-768x491.jpeg 768w\" data-sizes=\"(max-width: 1024px) 100vw, 1024px\" src=\"data:image\/svg+xml;base64,PHN2ZyB3aWR0aD0iMSIgaGVpZ2h0PSIxIiB4bWxucz0iaHR0cDovL3d3dy53My5vcmcvMjAwMC9zdmciPjwvc3ZnPg==\" style=\"--smush-placeholder-width: 1024px; --smush-placeholder-aspect-ratio: 1024\/655;\" \/><\/p>\n<p>\u201cEstamos haciendo un gran esfuerzo desde el gobierno para poder avanzar, para poder sacar esta provincia adelante. No es f\u00e1cil la situaci\u00f3n pero estamos muy seguros de que vamos a salir adelante, pero para que eso suceda todos tenemos que trabajar, ser m\u00e1s responsables, y amar nuestra provincia\u201d, agreg\u00f3.<\/p>\n<p><strong>Empresa Provincial de Alimentos<\/strong><\/p>\n<p>Otro de los temas a los que se refiri\u00f3 el mandatario provincial en Piedra Buena, es la reciente sanci\u00f3n como ley del proyecto, para la creaci\u00f3n de la Empresa Provincial de Alimentos. Al respecto, indic\u00f3: \u201cEs uno de los proyectos m\u00e1s esperados por parte de algunos productores de distintas localidades o de la totalidad de los productores\u201d, subray\u00f3.<\/p>\n<p>\u201cAlgunos diputados no estaban de acuerdo por eso no pudo darse en la primera sesi\u00f3n cuando se hizo la presentaci\u00f3n del proyecto de ley. \u00a0Hoy la situaci\u00f3n es otra, ayer despu\u00e9s de haber pasado este proyecto por comisi\u00f3n se aprob\u00f3, por mayor\u00eda simple. Ya comenzamos a reglamentar, a conformar el directorio de esta empresa estatal de alimentos. vamos a llamar a un concurso p\u00fablico y voy a solicitar que participen los que realmente tengan ganas de trabajar y que quieren a su provincia y apuesten al desarrollo y la producci\u00f3n\u201d, explic\u00f3. A la vez que estim\u00f3 que en los pr\u00f3ximos meses se podr\u00eda empezar a poner en marcha la misma. \u201cCalculo que en los pr\u00f3ximos meses podemos estar dando los primeros pasos. Sin tener conformada la empresa estatal de alimentos, ya estamos trabajando con los productores de Gobernador Gregores, y despu\u00e9s de muchos a\u00f1os hace una semana atr\u00e1s, comenzaron a desmontar parte de lo que es Islas Fea. \u00a0La verdad que es un lugar que puede ser muy productivo pero tambi\u00e9n estuvo durante muchos a\u00f1os muy abandonado bueno. Se est\u00e1 trabajando en el desmonte con toda la maquinaria de Fomicruz, Vialidad Provincia, y el Consejo Agrario\u201d, detall\u00f3.<\/p>\n<p>\u201cEn los pr\u00f3ximos d\u00edas vamos a estar haciendo el anuncio de un proyecto important\u00edsimo que tiene que ver con el agro. Es el primer paso antes de comenzar a producir el alimento balanceado que es una de las partes que va a tener esta empresa estatal, y por otra parte es una f\u00e1brica de enlatados que va a tener el trabajo de enlatar por ejemplo merluza u otros recursos que tenemos en la provincia\u201d, anticip\u00f3 el Gobernador. Asimismo, dijo que \u201cla idea es que en el primer a\u00f1o en el agro, se pueda aportar la semilla, y de ese modo, garantizar la compra del producto para ser tratado en la planta de alimento balanceado.<\/p>\n<p><strong>Agenda en la localidad<\/strong><\/p>\n<p>\u201cComo es de costumbre llego as\u00ed a las localidades y recorro las distintas instituciones no lo hago solamente ac\u00e1 en Piedra Buena, lo hago en toda la provincia, y me parece a m\u00ed que es la forma muchas veces de detectar c\u00f3mo est\u00e1n funcionando realmente los hospitales, las escuelas, los entes provinciales en cada una de las localidades\u201d, se\u00f1al\u00f3 el gobernador Claudio Vidal en este nuevo encuentro con la comunidad. Adem\u00e1s, destac\u00f3 que estuvo en<\/p>\n<p>la Escuelita del R\u00edo, que es de las m\u00e1s conocidas a nivel provincial por los distintos problemas que ha atravesado en la historia y que fueron de p\u00fablico conocimiento. Por este motivo, se comprometi\u00f3\u00a0 a seguir trabajando, a aportar lo que se pueda desde el Estado en esta dif\u00edcil situaci\u00f3n. \u201cLa idea es trabajar para reactivar obras que en algunos de los casos se terminaron de cancelar pero que nunca se terminaron. As\u00ed como otras obras que hay en la provincia en donde alguna vez se pag\u00f3 el inicio de las misma pero nunca se comenzaron y otras que se terminaron pero que no quedaron en condiciones, esa es nuestra tarea ac\u00e1 en Piedra Buena tambi\u00e9n\u201d, remarc\u00f3.<\/p>\n<p>Adem\u00e1s de la visita a distintas instituciones y espacios, la comitiva encabezada por Claudio Vidal, llevar\u00e1 adelante algunas entregas para emprendedores.<\/p>\n<p><strong>Resumen de gesti\u00f3n<\/strong><\/p>\n<p>En relaci\u00f3n a la presentaci\u00f3n del informe de gesti\u00f3n de los primeros meses de Gobierno, Vidal resalt\u00f3: \u201cEl jefe de gabinete estuvo trabajando much\u00edsimo lo ve\u00edamos muy concentrado estos d\u00edas en su informe y con mucha comunicaci\u00f3n con los diputados as\u00ed que, la verdad que esto no deja de ser un gobierno con mucho di\u00e1logo\u201d. \u201cEl Jefe de gabinete es una persona extraordinaria, honesta, y trabajadora\u201d, cerr\u00f3.<\/p>\n<\/div>\n","protected":false},"excerpt":{"rendered":"<p>Viernes, 23 Agosto 2024 &#8211; El gobernador Claudio Vidal se encuentra de visita en la localidad de Comandante Luis Piedra<\/p>\n","protected":false},"author":8,"featured_media":22742,"comment_status":"closed","ping_status":"closed","sticky":false,"template":"","format":"standard","meta":{"footnotes":""},"categories":[87],"tags":[],"class_list":["post-22738","post","type-post","status-publish","format-standard","has-post-thumbnail","hentry","category-provinciales"],"_links":{"self":[{"href":"https:\/\/ecosdelsur.com\/index.php?rest_route=\/wp\/v2\/posts\/22738","targetHints":{"allow":["GET"]}}],"collection":[{"href":"https:\/\/ecosdelsur.com\/index.php?rest_route=\/wp\/v2\/posts"}],"about":[{"href":"https:\/\/ecosdelsur.com\/index.php?rest_route=\/wp\/v2\/types\/post"}],"author":[{"embeddable":true,"href":"https:\/\/ecosdelsur.com\/index.php?rest_route=\/wp\/v2\/users\/8"}],"replies":[{"embeddable":true,"href":"https:\/\/ecosdelsur.com\/index.php?rest_route=%2Fwp%2Fv2%2Fcomments&post=22738"}],"version-history":[{"count":0,"href":"https:\/\/ecosdelsur.com\/index.php?rest_route=\/wp\/v2\/posts\/22738\/revisions"}],"wp:featuredmedia":[{"embeddable":true,"href":"https:\/\/ecosdelsur.com\/index.php?rest_route=\/wp\/v2\/media\/22742"}],"wp:attachment":[{"href":"https:\/\/ecosdelsur.com\/index.php?rest_route=%2Fwp%2Fv2%2Fmedia&parent=22738"}],"wp:term":[{"taxonomy":"category","embeddable":true,"href":"https:\/\/ecosdelsur.com\/index.php?rest_route=%2Fwp%2Fv2%2Fcategories&post=22738"},{"taxonomy":"post_tag","embeddable":true,"href":"https:\/\/ecosdelsur.com\/index.php?rest_route=%2Fwp%2Fv2%2Ftags&post=22738"}],"curies":[{"name":"wp","href":"https:\/\/api.w.org\/{rel}","templated":true}]}}