{"id":22730,"date":"2024-08-24T05:17:46","date_gmt":"2024-08-24T05:17:46","guid":{"rendered":"https:\/\/ecosdelsur.com\/?p=22730"},"modified":"2024-08-24T05:22:32","modified_gmt":"2024-08-24T05:22:32","slug":"el-gobierno-presento-el-informe-de-los-primeros-seis-meses-de-gestion","status":"publish","type":"post","link":"https:\/\/ecosdelsur.com\/?p=22730","title":{"rendered":"El Gobierno present\u00f3 el informe de los primeros seis meses de gesti\u00f3n"},"content":{"rendered":"<div class=\"itemToolbar2\">\n<p><span class=\"itemDateCreated\">Viernes, 23 Agosto 2024 &#8211; <\/span>El Gobierno de Santa Cruz, representado por el jefe de Gabinete de Ministros, Daniel \u00c1lvarez, expuso detalles del informe de los primeros seis meses de gesti\u00f3n en la C\u00e1mara de Diputados. \u201cCon nuestro esfuerzo y trabajo vamos a sacar a la provincia adelante y ponerla nuevamente de pie\u201d, se\u00f1al\u00f3 \u00c1lvarez.<img decoding=\"async\" class=\"alignnone size-full wp-image-22731 lazyload\" data-src=\"https:\/\/ecosdelsur.com\/wp-content\/uploads\/2024\/08\/WhatsApp_Image_2024-08-23_at_16.01.38_6.jpeg\" alt=\"\" width=\"1024\" height=\"575\" data-srcset=\"https:\/\/ecosdelsur.com\/wp-content\/uploads\/2024\/08\/WhatsApp_Image_2024-08-23_at_16.01.38_6.jpeg 1024w, https:\/\/ecosdelsur.com\/wp-content\/uploads\/2024\/08\/WhatsApp_Image_2024-08-23_at_16.01.38_6-300x168.jpeg 300w, https:\/\/ecosdelsur.com\/wp-content\/uploads\/2024\/08\/WhatsApp_Image_2024-08-23_at_16.01.38_6-768x431.jpeg 768w\" data-sizes=\"(max-width: 1024px) 100vw, 1024px\" src=\"data:image\/svg+xml;base64,PHN2ZyB3aWR0aD0iMSIgaGVpZ2h0PSIxIiB4bWxucz0iaHR0cDovL3d3dy53My5vcmcvMjAwMC9zdmciPjwvc3ZnPg==\" style=\"--smush-placeholder-width: 1024px; --smush-placeholder-aspect-ratio: 1024\/575;\" \/><\/p>\n<\/div>\n<div class=\"itemFullText\">\n<p>El Gobierno de Santa Cruz present\u00f3 en la C\u00e1mara de Diputados el Informe de Gesti\u00f3n de la Administraci\u00f3n Central, organismos centralizados y descentralizados y Sociedades del Estado. La presentaci\u00f3n del Ejecutivo Provincial se llev\u00f3 en el marco de una sesi\u00f3n extraordinaria correspondiente al 51\u00b0 Periodo Legislativo.<\/p>\n<p>El jefe de Gabinete, Daniel \u00c1lvarez, encabez\u00f3 la presentaci\u00f3n ante el recinto de la Legislatura, los respectivos diputados y diputadas y autoridades de la provincia.<img decoding=\"async\" class=\"alignnone size-full wp-image-22732 lazyload\" data-src=\"https:\/\/ecosdelsur.com\/wp-content\/uploads\/2024\/08\/WhatsApp_Image_2024-08-23_at_16.01.38_7.jpeg\" alt=\"\" width=\"1024\" height=\"589\" data-srcset=\"https:\/\/ecosdelsur.com\/wp-content\/uploads\/2024\/08\/WhatsApp_Image_2024-08-23_at_16.01.38_7.jpeg 1024w, https:\/\/ecosdelsur.com\/wp-content\/uploads\/2024\/08\/WhatsApp_Image_2024-08-23_at_16.01.38_7-300x173.jpeg 300w, https:\/\/ecosdelsur.com\/wp-content\/uploads\/2024\/08\/WhatsApp_Image_2024-08-23_at_16.01.38_7-768x442.jpeg 768w\" data-sizes=\"(max-width: 1024px) 100vw, 1024px\" src=\"data:image\/svg+xml;base64,PHN2ZyB3aWR0aD0iMSIgaGVpZ2h0PSIxIiB4bWxucz0iaHR0cDovL3d3dy53My5vcmcvMjAwMC9zdmciPjwvc3ZnPg==\" style=\"--smush-placeholder-width: 1024px; --smush-placeholder-aspect-ratio: 1024\/589;\" \/><\/p>\n<p>En di\u00e1logo con la Secretar\u00eda de Comunicaci\u00f3n P\u00fablica y Medios, el titular del Gabinete indic\u00f3: \u201cEl informe de gesti\u00f3n que se ha presentado era algo necesario y mediante la ley, era nuestro deber contarles a los representantes del pueblo de la provincia que es lo que se hizo durante estos meses&#8221;.<\/p>\n<p>\u201cEn todos los sectores hay un trabajo sobrehumano que est\u00e1n realizando los ministros, subsecretarios de Estado, subsecretarios, por lo cual hay mucho compromiso. Creemos en el Gobernador Claudio Vidal y estamos haciendo este esfuerzo porque sabemos que vamos a sacar adelante a nuestra provincia adelante\u201d, sostuvo.<\/p>\n<p>Asimismo, el funcionario provincial se\u00f1al\u00f3 que \u201cles pedimos un poco m\u00e1s de tiempo, paciencia, porque lo que estamos haciendo no es gratis. Esto lo pedimos porque con nuestro esfuerzo y trabajo, sabemos que lo est\u00e1n viendo y vamos con ello, vamos a sacar a la provincia adelante y ponerla de pie\u201d.<\/p>\n<p>\u201cVenimos a complementar este primer paso que era responder a las preguntas ampliatorias que hicieron los bloques lo cual se encuentra estipulado en la ley y en el protocolo. Adem\u00e1s, ellos tambi\u00e9n tienen tiempo para efectuar preguntas ampliatorias a las respuestas que nosotros trajimos por lo que estaba estipulado que iba a ser as\u00ed\u201d, explic\u00f3.<\/p>\n<p>Finalmente, Daniel \u00c1lvarez declar\u00f3: \u201cM\u00e1s all\u00e1 de los ejes de gobierno de nuestro gobernador que son la educaci\u00f3n; producci\u00f3n y el trabajo, sumado a la transparencia sobre todas las cosas porque es lo que nos va a permitir avanzar a paso firme. Al gobernador no le tiembla el pulso cuando dice que si \u00e9l tiene un funcionario propio que no siga ese alineamiento se tiene que ir del gobierno\u201d.<\/p>\n<p>\u201cDebemos destacar la transparencia, honradez y volver a hablar de a poco de moralidad en la pol\u00edtica, por lo que tiene que ser otra vez una causa com\u00fan al estar en el vocabulario diario de todos nosotros\u201d, concluy\u00f3.<\/p>\n<p>En la oportunidad, adem\u00e1s del cuerpo legislativo, estuvieron presentes los ministros de Trabajo, Julio Guti\u00e9rrez; de Energ\u00eda y Miner\u00eda, Jaime \u00c1lvarez; Secretar\u00eda General de la Gobernaci\u00f3n, Cecilia Borselli; y de Econom\u00eda, Finanzas e Infraestructura, Marilina Jaramillo. Asimismo, asisti\u00f3 la presidenta del Consejo Provincial de Educaci\u00f3n, Iris Rasgido; entre otros integrantes del Ejecutivo.<\/p>\n<\/div>\n","protected":false},"excerpt":{"rendered":"<p>Viernes, 23 Agosto 2024 &#8211; El Gobierno de Santa Cruz, representado por el jefe de Gabinete de Ministros, Daniel \u00c1lvarez,<\/p>\n","protected":false},"author":8,"featured_media":22733,"comment_status":"closed","ping_status":"closed","sticky":false,"template":"","format":"standard","meta":{"footnotes":""},"categories":[87],"tags":[],"class_list":["post-22730","post","type-post","status-publish","format-standard","has-post-thumbnail","hentry","category-provinciales"],"_links":{"self":[{"href":"https:\/\/ecosdelsur.com\/index.php?rest_route=\/wp\/v2\/posts\/22730","targetHints":{"allow":["GET"]}}],"collection":[{"href":"https:\/\/ecosdelsur.com\/index.php?rest_route=\/wp\/v2\/posts"}],"about":[{"href":"https:\/\/ecosdelsur.com\/index.php?rest_route=\/wp\/v2\/types\/post"}],"author":[{"embeddable":true,"href":"https:\/\/ecosdelsur.com\/index.php?rest_route=\/wp\/v2\/users\/8"}],"replies":[{"embeddable":true,"href":"https:\/\/ecosdelsur.com\/index.php?rest_route=%2Fwp%2Fv2%2Fcomments&post=22730"}],"version-history":[{"count":0,"href":"https:\/\/ecosdelsur.com\/index.php?rest_route=\/wp\/v2\/posts\/22730\/revisions"}],"wp:featuredmedia":[{"embeddable":true,"href":"https:\/\/ecosdelsur.com\/index.php?rest_route=\/wp\/v2\/media\/22733"}],"wp:attachment":[{"href":"https:\/\/ecosdelsur.com\/index.php?rest_route=%2Fwp%2Fv2%2Fmedia&parent=22730"}],"wp:term":[{"taxonomy":"category","embeddable":true,"href":"https:\/\/ecosdelsur.com\/index.php?rest_route=%2Fwp%2Fv2%2Fcategories&post=22730"},{"taxonomy":"post_tag","embeddable":true,"href":"https:\/\/ecosdelsur.com\/index.php?rest_route=%2Fwp%2Fv2%2Ftags&post=22730"}],"curies":[{"name":"wp","href":"https:\/\/api.w.org\/{rel}","templated":true}]}}