{"id":22706,"date":"2024-08-24T04:54:17","date_gmt":"2024-08-24T04:54:17","guid":{"rendered":"https:\/\/ecosdelsur.com\/?p=22706"},"modified":"2024-08-24T04:58:46","modified_gmt":"2024-08-24T04:58:46","slug":"reconocimiento-a-2-vecinas-historicas-en-el-aniversario-de-la-vecinal-del-b-san-martin","status":"publish","type":"post","link":"https:\/\/ecosdelsur.com\/?p=22706","title":{"rendered":"Reconocimiento a 2 vecinas historicas en el aniversario de la Vecinal del B\u00b0 San Mart\u00edn"},"content":{"rendered":"<div class=\"itemToolbar2\">\n<p><span class=\"itemDateCreated\">Viernes, 23 Agosto 2024 &#8211; <\/span>En una celebraci\u00f3n colmada de emociones, se realiz\u00f3 el festejo por el 60\u00b0 aniversario de esta instituci\u00f3n que representa a uno de los sectores m\u00e1s antiguos y que cuenta con una diversa grilla de actividades para los vecinos.<img decoding=\"async\" class=\"alignnone size-full wp-image-22709 lazyload\" data-src=\"https:\/\/ecosdelsur.com\/wp-content\/uploads\/2024\/08\/DSC_0982.jpg\" alt=\"\" width=\"1024\" height=\"607\" data-srcset=\"https:\/\/ecosdelsur.com\/wp-content\/uploads\/2024\/08\/DSC_0982.jpg 1024w, https:\/\/ecosdelsur.com\/wp-content\/uploads\/2024\/08\/DSC_0982-300x178.jpg 300w, https:\/\/ecosdelsur.com\/wp-content\/uploads\/2024\/08\/DSC_0982-768x455.jpg 768w\" data-sizes=\"(max-width: 1024px) 100vw, 1024px\" src=\"data:image\/svg+xml;base64,PHN2ZyB3aWR0aD0iMSIgaGVpZ2h0PSIxIiB4bWxucz0iaHR0cDovL3d3dy53My5vcmcvMjAwMC9zdmciPjwvc3ZnPg==\" style=\"--smush-placeholder-width: 1024px; --smush-placeholder-aspect-ratio: 1024\/607;\" \/><\/p>\n<\/div>\n<p>El presidente de la sede barrial, Omar Behm explic\u00f3 que en el marco del aniversario y en concordancia con el Mes de las Infancias, se realiz\u00f3 la mini marat\u00f3n de los ni\u00f1os fiscalizada por la Escuela Municipal de Atletismo con la participaci\u00f3n de m\u00e1s de 150 ni\u00f1os. \u201cNosotros creemos que los reconocimientos tienen que ser en vida, por ello es que en esta oportunidad decidimos como comisi\u00f3n homenajear a aquellos vecinos que en \u00e9pocas muy dif\u00edciles sin horarios ni honorarios apostaron a sentar las bases del barrio de que nos sirve estar como instituci\u00f3n\u201d, afirm\u00f3 Behm.<img decoding=\"async\" class=\"alignnone size-full wp-image-22707 lazyload\" data-src=\"https:\/\/ecosdelsur.com\/wp-content\/uploads\/2024\/08\/DSC_0953.jpg\" alt=\"\" width=\"1024\" height=\"648\" data-srcset=\"https:\/\/ecosdelsur.com\/wp-content\/uploads\/2024\/08\/DSC_0953.jpg 1024w, https:\/\/ecosdelsur.com\/wp-content\/uploads\/2024\/08\/DSC_0953-300x190.jpg 300w, https:\/\/ecosdelsur.com\/wp-content\/uploads\/2024\/08\/DSC_0953-768x486.jpg 768w\" data-sizes=\"(max-width: 1024px) 100vw, 1024px\" src=\"data:image\/svg+xml;base64,PHN2ZyB3aWR0aD0iMSIgaGVpZ2h0PSIxIiB4bWxucz0iaHR0cDovL3d3dy53My5vcmcvMjAwMC9zdmciPjwvc3ZnPg==\" style=\"--smush-placeholder-width: 1024px; --smush-placeholder-aspect-ratio: 1024\/648;\" \/><\/p>\n<p>Por su parte el Jefe de Gabinete de la Municipalidad de Caleta Olivia, Luis Melo acompa\u00f1\u00f3 esta celebraci\u00f3n y destac\u00f3 el trabajo que se viene realizando desde la comisi\u00f3n directiva de la sede barrial. \u201cEstamos acompa\u00f1ando a la gesti\u00f3n de la Comisi\u00f3n de la Uni\u00f3n Vecinal, despu\u00e9s de varios a\u00f1os que las instalaciones fueron abandonados, hoy en d\u00eda est\u00e1n con todas las normativas en regla y trabajando arduamente. Adem\u00e1s est\u00e1n trabajando con la inauguraci\u00f3n de un museo y acompa\u00f1ando esto, asever\u00f3 Melo.<img decoding=\"async\" class=\"alignnone size-full wp-image-22712 lazyload\" data-src=\"https:\/\/ecosdelsur.com\/wp-content\/uploads\/2024\/08\/DSC_1024.jpg\" alt=\"\" width=\"1024\" height=\"635\" data-srcset=\"https:\/\/ecosdelsur.com\/wp-content\/uploads\/2024\/08\/DSC_1024.jpg 1024w, https:\/\/ecosdelsur.com\/wp-content\/uploads\/2024\/08\/DSC_1024-300x186.jpg 300w, https:\/\/ecosdelsur.com\/wp-content\/uploads\/2024\/08\/DSC_1024-768x476.jpg 768w\" data-sizes=\"(max-width: 1024px) 100vw, 1024px\" src=\"data:image\/svg+xml;base64,PHN2ZyB3aWR0aD0iMSIgaGVpZ2h0PSIxIiB4bWxucz0iaHR0cDovL3d3dy53My5vcmcvMjAwMC9zdmciPjwvc3ZnPg==\" style=\"--smush-placeholder-width: 1024px; --smush-placeholder-aspect-ratio: 1024\/635;\" \/><\/p>\n<p>Por \u00faltimo, hizo llegar, en nombre del Intendente Pablo Carrizo, las salutaciones y felicitaciones por este nuevo aniversario y la predisposici\u00f3n de la Gesti\u00f3n para seguir sumando y trabajando en conjunto.<\/p>\n","protected":false},"excerpt":{"rendered":"<p>Viernes, 23 Agosto 2024 &#8211; En una celebraci\u00f3n colmada de emociones, se realiz\u00f3 el festejo por el 60\u00b0 aniversario de<\/p>\n","protected":false},"author":8,"featured_media":22722,"comment_status":"closed","ping_status":"closed","sticky":false,"template":"","format":"standard","meta":{"footnotes":""},"categories":[38],"tags":[],"class_list":["post-22706","post","type-post","status-publish","format-standard","has-post-thumbnail","hentry","category-espectaculos"],"_links":{"self":[{"href":"https:\/\/ecosdelsur.com\/index.php?rest_route=\/wp\/v2\/posts\/22706","targetHints":{"allow":["GET"]}}],"collection":[{"href":"https:\/\/ecosdelsur.com\/index.php?rest_route=\/wp\/v2\/posts"}],"about":[{"href":"https:\/\/ecosdelsur.com\/index.php?rest_route=\/wp\/v2\/types\/post"}],"author":[{"embeddable":true,"href":"https:\/\/ecosdelsur.com\/index.php?rest_route=\/wp\/v2\/users\/8"}],"replies":[{"embeddable":true,"href":"https:\/\/ecosdelsur.com\/index.php?rest_route=%2Fwp%2Fv2%2Fcomments&post=22706"}],"version-history":[{"count":0,"href":"https:\/\/ecosdelsur.com\/index.php?rest_route=\/wp\/v2\/posts\/22706\/revisions"}],"wp:featuredmedia":[{"embeddable":true,"href":"https:\/\/ecosdelsur.com\/index.php?rest_route=\/wp\/v2\/media\/22722"}],"wp:attachment":[{"href":"https:\/\/ecosdelsur.com\/index.php?rest_route=%2Fwp%2Fv2%2Fmedia&parent=22706"}],"wp:term":[{"taxonomy":"category","embeddable":true,"href":"https:\/\/ecosdelsur.com\/index.php?rest_route=%2Fwp%2Fv2%2Fcategories&post=22706"},{"taxonomy":"post_tag","embeddable":true,"href":"https:\/\/ecosdelsur.com\/index.php?rest_route=%2Fwp%2Fv2%2Ftags&post=22706"}],"curies":[{"name":"wp","href":"https:\/\/api.w.org\/{rel}","templated":true}]}}