{"id":22697,"date":"2024-08-23T20:50:43","date_gmt":"2024-08-23T20:50:43","guid":{"rendered":"https:\/\/ecosdelsur.com\/?p=22697"},"modified":"2024-08-23T20:50:43","modified_gmt":"2024-08-23T20:50:43","slug":"el-gorosito-se-rodeo-de-folcklore","status":"publish","type":"post","link":"https:\/\/ecosdelsur.com\/?p=22697","title":{"rendered":"El Gorosito se rode\u00f3 de folcklore"},"content":{"rendered":"<p>23 de agosto de 2024- Al conmemorarse, este 22 de agosto el D\u00eda Mundial del Folcklore y en concordancia el D\u00eda del Folcklore Argentino, grupos de baile del Ce.M.E.P.A, agrupaciones de gauchos y otras entidades se congregaron al pie del monumento al Obrero Petrolero para sumarse a esta celebraci\u00f3n.<img decoding=\"async\" class=\"alignnone size-full wp-image-22701 lazyload\" data-src=\"https:\/\/ecosdelsur.com\/wp-content\/uploads\/2024\/08\/DSC_0874.jpg\" alt=\"\" width=\"1024\" height=\"648\" data-srcset=\"https:\/\/ecosdelsur.com\/wp-content\/uploads\/2024\/08\/DSC_0874.jpg 1024w, https:\/\/ecosdelsur.com\/wp-content\/uploads\/2024\/08\/DSC_0874-300x190.jpg 300w, https:\/\/ecosdelsur.com\/wp-content\/uploads\/2024\/08\/DSC_0874-768x486.jpg 768w\" data-sizes=\"(max-width: 1024px) 100vw, 1024px\" src=\"data:image\/svg+xml;base64,PHN2ZyB3aWR0aD0iMSIgaGVpZ2h0PSIxIiB4bWxucz0iaHR0cDovL3d3dy53My5vcmcvMjAwMC9zdmciPjwvc3ZnPg==\" style=\"--smush-placeholder-width: 1024px; --smush-placeholder-aspect-ratio: 1024\/648;\" \/><\/p>\n<p>El Secretario de Cultura y Deportes de la Municipalidad de Caleta Olivia, David Jones, agradeci\u00f3 en primer lugar a los docentes y alumnos del Centro Municipal de Educaci\u00f3n por el Arte pero hizo especial hincapi\u00e9 a la labor del personal de la Secretar\u00eda que trabaja d\u00eda a d\u00eda para realizar este tipo de actividades.<img decoding=\"async\" class=\"alignnone size-full wp-image-22699 lazyload\" data-src=\"https:\/\/ecosdelsur.com\/wp-content\/uploads\/2024\/08\/DSC_0856.jpg\" alt=\"\" width=\"1024\" height=\"680\" data-srcset=\"https:\/\/ecosdelsur.com\/wp-content\/uploads\/2024\/08\/DSC_0856.jpg 1024w, https:\/\/ecosdelsur.com\/wp-content\/uploads\/2024\/08\/DSC_0856-300x199.jpg 300w, https:\/\/ecosdelsur.com\/wp-content\/uploads\/2024\/08\/DSC_0856-768x510.jpg 768w\" data-sizes=\"(max-width: 1024px) 100vw, 1024px\" src=\"data:image\/svg+xml;base64,PHN2ZyB3aWR0aD0iMSIgaGVpZ2h0PSIxIiB4bWxucz0iaHR0cDovL3d3dy53My5vcmcvMjAwMC9zdmciPjwvc3ZnPg==\" style=\"--smush-placeholder-width: 1024px; --smush-placeholder-aspect-ratio: 1024\/680;\" \/><\/p>\n<p>El evento cont\u00f3 tambi\u00e9n con la presencia del Coordinador en Zona Norte de la Secretar\u00eda de Estado de Cultura del Gobierno de Santa Cruz, David Andrade, quien trabaj\u00f3 junto a la Subsecretar\u00eda Municipal para la realizaci\u00f3n de esta actividad conmemorativa. \u201cHemos convocado a diferentes escuelas de danzas, academias, agrupaciones gauchas con sus caballos, artistas en vivo, bandas, solistas, todos juntos para festejar este d\u00eda\u201d, asegur\u00f3.<\/p>\n<p>La grilla de artistas estuvo integrada por: la Escuela de folcklore y Malambo \u201cEl Tierral\u201d, el ballet \u201cNuevos Vientos\u201d, la Escuela Municipal de Danzas Nativas del CeMEPA, y el ballet \u201cVivencias Norte\u00f1as\u201d, el grupo folckl\u00f3rico \u201cTierra y Viento, el m\u00fasico Pablo Barboza, Karen Maza y \u201cAmanecer Sure\u00f1o\u201d.<\/p>\n","protected":false},"excerpt":{"rendered":"<p>23 de agosto de 2024- Al conmemorarse, este 22 de agosto el D\u00eda Mundial del Folcklore y en concordancia el<\/p>\n","protected":false},"author":8,"featured_media":22698,"comment_status":"closed","ping_status":"closed","sticky":false,"template":"","format":"standard","meta":{"footnotes":""},"categories":[88],"tags":[],"class_list":["post-22697","post","type-post","status-publish","format-standard","has-post-thumbnail","hentry","category-cultura"],"_links":{"self":[{"href":"https:\/\/ecosdelsur.com\/index.php?rest_route=\/wp\/v2\/posts\/22697","targetHints":{"allow":["GET"]}}],"collection":[{"href":"https:\/\/ecosdelsur.com\/index.php?rest_route=\/wp\/v2\/posts"}],"about":[{"href":"https:\/\/ecosdelsur.com\/index.php?rest_route=\/wp\/v2\/types\/post"}],"author":[{"embeddable":true,"href":"https:\/\/ecosdelsur.com\/index.php?rest_route=\/wp\/v2\/users\/8"}],"replies":[{"embeddable":true,"href":"https:\/\/ecosdelsur.com\/index.php?rest_route=%2Fwp%2Fv2%2Fcomments&post=22697"}],"version-history":[{"count":0,"href":"https:\/\/ecosdelsur.com\/index.php?rest_route=\/wp\/v2\/posts\/22697\/revisions"}],"wp:featuredmedia":[{"embeddable":true,"href":"https:\/\/ecosdelsur.com\/index.php?rest_route=\/wp\/v2\/media\/22698"}],"wp:attachment":[{"href":"https:\/\/ecosdelsur.com\/index.php?rest_route=%2Fwp%2Fv2%2Fmedia&parent=22697"}],"wp:term":[{"taxonomy":"category","embeddable":true,"href":"https:\/\/ecosdelsur.com\/index.php?rest_route=%2Fwp%2Fv2%2Fcategories&post=22697"},{"taxonomy":"post_tag","embeddable":true,"href":"https:\/\/ecosdelsur.com\/index.php?rest_route=%2Fwp%2Fv2%2Ftags&post=22697"}],"curies":[{"name":"wp","href":"https:\/\/api.w.org\/{rel}","templated":true}]}}