{"id":22099,"date":"2024-08-09T14:08:26","date_gmt":"2024-08-09T14:08:26","guid":{"rendered":"https:\/\/ecosdelsur.com\/?p=22099"},"modified":"2024-08-09T14:08:26","modified_gmt":"2024-08-09T14:08:26","slug":"alumnos-de-la-escuela-de-arte-vmg-se-preparan-para-viajar-a-italia","status":"publish","type":"post","link":"https:\/\/ecosdelsur.com\/?p=22099","title":{"rendered":"Alumnos de la Escuela de Arte VMG se preparan para viajar a Italia"},"content":{"rendered":"<p>Vanina G\u00f3mez, referente de la Escuela de Arte VMG, visit\u00f3 los estudios de Radio Ecos del Sur. En di\u00e1logo con Marisol Godoy conductora del programa Ecos Sentimientos, dio a conocer sobre las actividades de la entidad y el \u00faltimo evento que organizaron para recaudar fondos antes de viajar a Italia.<\/p>\n<p>Se destaca que la Escuela VMG llevar\u00e1 10 alumnos seleccionados al Performer Cup, el campeonato de artes esc\u00e9nicas a nivel internacional. La sede es en Roma, Italia. Vale decir que cuatro de esos alumnos forman parte, adem\u00e1s, de la selecci\u00f3n argentina, por lo que no solo representar\u00e1n a Caleta Olivia sino a todo el pa\u00eds.<\/p>\n<p>La Escuela de Arte VMG naci\u00f3 en 2018, hoy cuenta con dos sedes, ubicadas en Lisandro de la Torre 674 y en El Ceibo 1636 (B\u00b0 Koltum).<\/p>\n<p>Ofrece talleres referidos al arte, como la comedia musical, contempor\u00e1neo, jazz, folclore, \u00e1rabe, ingl\u00e9s, guitarra, danzas cl\u00e1sicas, pat\u00edn, composici\u00f3n coreogr\u00e1fica y preparaci\u00f3n f\u00edsica para bailarinas.<\/p>\n<p>A partir de los 2 a\u00f1os se puede comenzar. Al respecto, Vanina G\u00f3mez indic\u00f3 que se realizan actividades de psicomotricidad a trav\u00e9s de la comedia musical y con juegos con canciones infantiles.<\/p>\n<p>VMG es una escuela que participa de numerosos eventos que se organizan en la ciudad y participa de varios torneos en la regi\u00f3n.<\/p>\n<p>Con un poco m\u00e1s de 100 alumnos su crecimiento es constante.<\/p>\n<p>Por ello es bueno destacar su pr\u00f3xima participaci\u00f3n a nivel internacional. Luego de sortear la Performer Cup Argentina logr\u00f3 que 4 de los 10 alumnos seleccionados en el torneo nacional, formen parte de la selecci\u00f3n argentina que se presentar\u00e1 en la pr\u00f3ximo Performer Cup en Italia.<\/p>\n<p>El desarrollo de este mundial ser\u00e1 del 1 al 15 de septiembre y ser\u00e1 televisado por la RAI, el canal italiano.<\/p>\n<p>En cuanto a lo que se presentar\u00e1, la tem\u00e1tica est\u00e1 relacionada a los pueblos originarios.<\/p>\n<p>&nbsp;<\/p>\n<p>Pe\u00f1a<\/p>\n<p>Por otro lado, la Escuela VMG organiza el \u00faltimo evento que tiene que ver con la recaudaci\u00f3n para el viaje a Europa. Aun queda pagar la mitad que queda saldar para el alojamiento, el traslado en la ciudad de Roma y la comida.<\/p>\n<p>Por ello, el pr\u00f3ximo 24 de agosto se realizar\u00e1 una Pe\u00f1a en el Centro Salte\u00f1o. Comenzar\u00e1 a las 22 hs. El valor de la entrada a\u00fan no estaba confirmado.<\/p>\n<p>\u201cInvitamos a los m\u00fasicos que quieran colaborar con nosotros, grupos de baile, cantautores a que participen para hacer algo variado, lindo y que la gente que asista se divierta\u201d, dijo Vanina.<\/p>\n<p>Para mayor informaci\u00f3n pueden contactarse a trav\u00e9s de Facebook: VMG Escuela de Arte o Instagram: escuela_vmg<\/p>\n","protected":false},"excerpt":{"rendered":"<p>Vanina G\u00f3mez, referente de la Escuela de Arte VMG, visit\u00f3 los estudios de Radio Ecos del Sur. En di\u00e1logo con<\/p>\n","protected":false},"author":8,"featured_media":22100,"comment_status":"closed","ping_status":"closed","sticky":false,"template":"","format":"standard","meta":{"footnotes":""},"categories":[35],"tags":[455,60,456],"class_list":["post-22099","post","type-post","status-publish","format-standard","has-post-thumbnail","hentry","category-sociedad","tag-artes-escenicas","tag-caleta-olivia","tag-vmg"],"_links":{"self":[{"href":"https:\/\/ecosdelsur.com\/index.php?rest_route=\/wp\/v2\/posts\/22099","targetHints":{"allow":["GET"]}}],"collection":[{"href":"https:\/\/ecosdelsur.com\/index.php?rest_route=\/wp\/v2\/posts"}],"about":[{"href":"https:\/\/ecosdelsur.com\/index.php?rest_route=\/wp\/v2\/types\/post"}],"author":[{"embeddable":true,"href":"https:\/\/ecosdelsur.com\/index.php?rest_route=\/wp\/v2\/users\/8"}],"replies":[{"embeddable":true,"href":"https:\/\/ecosdelsur.com\/index.php?rest_route=%2Fwp%2Fv2%2Fcomments&post=22099"}],"version-history":[{"count":0,"href":"https:\/\/ecosdelsur.com\/index.php?rest_route=\/wp\/v2\/posts\/22099\/revisions"}],"wp:featuredmedia":[{"embeddable":true,"href":"https:\/\/ecosdelsur.com\/index.php?rest_route=\/wp\/v2\/media\/22100"}],"wp:attachment":[{"href":"https:\/\/ecosdelsur.com\/index.php?rest_route=%2Fwp%2Fv2%2Fmedia&parent=22099"}],"wp:term":[{"taxonomy":"category","embeddable":true,"href":"https:\/\/ecosdelsur.com\/index.php?rest_route=%2Fwp%2Fv2%2Fcategories&post=22099"},{"taxonomy":"post_tag","embeddable":true,"href":"https:\/\/ecosdelsur.com\/index.php?rest_route=%2Fwp%2Fv2%2Ftags&post=22099"}],"curies":[{"name":"wp","href":"https:\/\/api.w.org\/{rel}","templated":true}]}}