{"id":21242,"date":"2024-07-16T02:12:27","date_gmt":"2024-07-16T02:12:27","guid":{"rendered":"https:\/\/ecosdelsur.com\/?p=21242"},"modified":"2024-07-16T02:14:36","modified_gmt":"2024-07-16T02:14:36","slug":"autoridades-comunales-dieron-detalles-sobre-la-expo-invierno-2024-malvinas-argentinas-memoria-viva","status":"publish","type":"post","link":"https:\/\/ecosdelsur.com\/?p=21242","title":{"rendered":"Autoridades comunales dieron detalles sobre la Expo Invierno 2024 \u00abMalvinas Argentinas Memoria Viva\u00bb"},"content":{"rendered":"<div class=\"itemToolbar2\">\n<p><span class=\"itemDateCreated\">Lunes, 15 Julio 2024 &#8211; <\/span>En una conferencia de prensa realizada hoy, el jefe de Gabinete Luis Melo y junto con varios secretarios municipales presentaron los detalles de la pr\u00f3xima inauguraci\u00f3n de la Expo Invierno 2024, que por primera vez llevar\u00e1 el nombre \u00abMalvinas Argentinas Memoria Viva\u00bb. El evento de inauguraci\u00f3n comenzar\u00e1 ma\u00f1ana a las 16 horas y se extender\u00e1 hasta el pr\u00f3ximo domingo, ofreciendo una amplia variedad de actividades para los residentes y visitantes de la ciudad. <img decoding=\"async\" class=\"alignnone size-full wp-image-21245 lazyload\" data-src=\"https:\/\/ecosdelsur.com\/wp-content\/uploads\/2024\/07\/WhatsApp-Image-2024-07-15-at-22.31.52.jpeg\" alt=\"\" width=\"1024\" height=\"571\" data-srcset=\"https:\/\/ecosdelsur.com\/wp-content\/uploads\/2024\/07\/WhatsApp-Image-2024-07-15-at-22.31.52.jpeg 1024w, https:\/\/ecosdelsur.com\/wp-content\/uploads\/2024\/07\/WhatsApp-Image-2024-07-15-at-22.31.52-300x167.jpeg 300w, https:\/\/ecosdelsur.com\/wp-content\/uploads\/2024\/07\/WhatsApp-Image-2024-07-15-at-22.31.52-768x428.jpeg 768w, https:\/\/ecosdelsur.com\/wp-content\/uploads\/2024\/07\/WhatsApp-Image-2024-07-15-at-22.31.52-800x445.jpeg 800w\" data-sizes=\"(max-width: 1024px) 100vw, 1024px\" src=\"data:image\/svg+xml;base64,PHN2ZyB3aWR0aD0iMSIgaGVpZ2h0PSIxIiB4bWxucz0iaHR0cDovL3d3dy53My5vcmcvMjAwMC9zdmciPjwvc3ZnPg==\" style=\"--smush-placeholder-width: 1024px; --smush-placeholder-aspect-ratio: 1024\/571;\" \/><\/p>\n<\/div>\n<p>Luis Melo, jefe de Gabinete, destac\u00f3 el esfuerzo conjunto de todas las \u00e1reas municipales en la organizaci\u00f3n del evento, subrayando la importancia de los emprendedores y expositores que han trabajado arduamente para esta ocasi\u00f3n. \u00abValoramos el trabajo articulado de todas las secretar\u00edas y el esfuerzo de cada empleado municipal. Este evento no se organiza de un d\u00eda para otro, lleva meses de preparaci\u00f3n y estamos muy contentos con lo que se ha logrado\u00bb, afirm\u00f3 Melo.<\/p>\n<p>El secretario de Cultura y Deportes, David Jones, invit\u00f3 a la comunidad a participar en la inauguraci\u00f3n y resalt\u00f3 la importancia cultural de la expo. \u00abEs un honor contar con esta expo, que ya est\u00e1 bien instalada en nuestra comunidad. Invitamos a todos a disfrutar de las actividades y agradecer a los expositores y emprendedores que vienen de distintos lugares\u00bb, expres\u00f3.<\/p>\n<p>Pamela Gonz\u00e1lez, secretaria Socioecon\u00f3mica, inform\u00f3 sobre la \u00abRuta del Sabor\u00bb, una propuesta gastron\u00f3mica que contar\u00e1 con 30 stands, incluyendo productores locales y quinchos de instituciones. \u00abEstamos muy contentos de poder ofrecer esta propuesta gastron\u00f3mica. Los esperamos todos los d\u00edas desde las 19:00 hasta la medianoche, y el s\u00e1bado extenderemos el horario\u00bb, coment\u00f3 Gonz\u00e1lez.<\/p>\n<p>De parte de la secretar\u00eda de Pol\u00edticas Integrales para la Igualdad, Paola Ramos, se habl\u00f3 de la participaci\u00f3n con el \u00abPunto Violeta\u00bb, un dispositivo de prevenci\u00f3n y promoci\u00f3n de derechos, enfocado en la violencia de g\u00e9nero. \u00abEntendemos que este espacio es fundamental para tener acceso a derechos y realizar detecciones tempranas de violencia. Invitamos a todos a conocer las leyes que los amparan\u00bb, explic\u00f3 Ramos.<\/p>\n<p>Florencia Garcia Macchiavelli, secretaria de Desarrollo Social, present\u00f3 para la ocasi\u00f3n un proyecto en colaboraci\u00f3n con la penitenciar\u00eda local, donde los internos podr\u00e1n mostrar los productos que elaboran. \u00abEstamos muy contentos de que los internos puedan participar y mostrar sus habilidades. Adem\u00e1s, contaremos con un espacio para movimientos y organizaciones sociales\u00bb, dijo Garc\u00eda Macchiavelli.<\/p>\n<p>Por \u00faltimo, el secretario de Gobierno, Juan Ignacio Acu\u00f1a Kunz, detall\u00f3 los protocolos de seguridad para el evento. \u00abEsperamos una gran afluencia de p\u00fablico, por lo que hemos implementado un protocolo de seguridad para garantizar la protecci\u00f3n de todos. Trabajaremos con el \u00e1rea de seguridad, vigilancia, Protecci\u00f3n Civil, tr\u00e1nsito y monitoreo urbano para asegurar que el evento transcurra de manera segura\u00bb, concluy\u00f3 Acu\u00f1a Kunz.<\/p>\n","protected":false},"excerpt":{"rendered":"<p>Lunes, 15 Julio 2024 &#8211; En una conferencia de prensa realizada hoy, el jefe de Gabinete Luis Melo y junto<\/p>\n","protected":false},"author":8,"featured_media":21243,"comment_status":"closed","ping_status":"closed","sticky":false,"template":"","format":"standard","meta":{"footnotes":""},"categories":[88],"tags":[],"class_list":["post-21242","post","type-post","status-publish","format-standard","has-post-thumbnail","hentry","category-cultura"],"_links":{"self":[{"href":"https:\/\/ecosdelsur.com\/index.php?rest_route=\/wp\/v2\/posts\/21242","targetHints":{"allow":["GET"]}}],"collection":[{"href":"https:\/\/ecosdelsur.com\/index.php?rest_route=\/wp\/v2\/posts"}],"about":[{"href":"https:\/\/ecosdelsur.com\/index.php?rest_route=\/wp\/v2\/types\/post"}],"author":[{"embeddable":true,"href":"https:\/\/ecosdelsur.com\/index.php?rest_route=\/wp\/v2\/users\/8"}],"replies":[{"embeddable":true,"href":"https:\/\/ecosdelsur.com\/index.php?rest_route=%2Fwp%2Fv2%2Fcomments&post=21242"}],"version-history":[{"count":0,"href":"https:\/\/ecosdelsur.com\/index.php?rest_route=\/wp\/v2\/posts\/21242\/revisions"}],"wp:featuredmedia":[{"embeddable":true,"href":"https:\/\/ecosdelsur.com\/index.php?rest_route=\/wp\/v2\/media\/21243"}],"wp:attachment":[{"href":"https:\/\/ecosdelsur.com\/index.php?rest_route=%2Fwp%2Fv2%2Fmedia&parent=21242"}],"wp:term":[{"taxonomy":"category","embeddable":true,"href":"https:\/\/ecosdelsur.com\/index.php?rest_route=%2Fwp%2Fv2%2Fcategories&post=21242"},{"taxonomy":"post_tag","embeddable":true,"href":"https:\/\/ecosdelsur.com\/index.php?rest_route=%2Fwp%2Fv2%2Ftags&post=21242"}],"curies":[{"name":"wp","href":"https:\/\/api.w.org\/{rel}","templated":true}]}}