{"id":21235,"date":"2024-07-15T20:45:11","date_gmt":"2024-07-15T20:45:11","guid":{"rendered":"https:\/\/ecosdelsur.com\/?p=21235"},"modified":"2024-07-15T20:45:11","modified_gmt":"2024-07-15T20:45:11","slug":"el-club-mar-del-plata-celebro-61-anos-de-vida-institucional-14-de-julio-de-2024","status":"publish","type":"post","link":"https:\/\/ecosdelsur.com\/?p=21235","title":{"rendered":"El Club Mar del Plata celebr\u00f3 61 a\u00f1os de vida institucional 14 de julio de 2024"},"content":{"rendered":"<p><em>El Club Social y Deportivo Mar del Plata organiz\u00f3 un encuentro para festejar 61 a\u00f1os desde su fundaci\u00f3n. Acompa\u00f1aron la tarde, simpatizantes, familias, directivos y asisti\u00f3 el secretario de Cultura y Deportes, David Jones, en representaci\u00f3n de la Municipalidad de Caleta Olivia.<img decoding=\"async\" class=\"alignnone size-full wp-image-21236 lazyload\" data-src=\"https:\/\/ecosdelsur.com\/wp-content\/uploads\/2024\/07\/450692297_122144335970248710_7620770246910661766_n.jpg\" alt=\"\" width=\"1024\" height=\"621\" data-srcset=\"https:\/\/ecosdelsur.com\/wp-content\/uploads\/2024\/07\/450692297_122144335970248710_7620770246910661766_n.jpg 1024w, https:\/\/ecosdelsur.com\/wp-content\/uploads\/2024\/07\/450692297_122144335970248710_7620770246910661766_n-300x182.jpg 300w, https:\/\/ecosdelsur.com\/wp-content\/uploads\/2024\/07\/450692297_122144335970248710_7620770246910661766_n-768x466.jpg 768w\" data-sizes=\"(max-width: 1024px) 100vw, 1024px\" src=\"data:image\/svg+xml;base64,PHN2ZyB3aWR0aD0iMSIgaGVpZ2h0PSIxIiB4bWxucz0iaHR0cDovL3d3dy53My5vcmcvMjAwMC9zdmciPjwvc3ZnPg==\" style=\"--smush-placeholder-width: 1024px; --smush-placeholder-aspect-ratio: 1024\/621;\" \/><\/em><\/p>\n<p>\u201cDe una manera m\u00e1s calma, pero no nos privamos de festejar el 61 aniversario\u201d, expres\u00f3 el presidente del Club Social y Deportivo Mar del Plata, Fabi\u00e1n Saiquita para referirse al encuentro que organizaron para esta fecha especial.<img decoding=\"async\" class=\"alignnone size-full wp-image-21239 lazyload\" data-src=\"https:\/\/ecosdelsur.com\/wp-content\/uploads\/2024\/07\/451198755_122144335892248710_758373661030548892_n.jpg\" alt=\"\" width=\"1024\" height=\"562\" data-srcset=\"https:\/\/ecosdelsur.com\/wp-content\/uploads\/2024\/07\/451198755_122144335892248710_758373661030548892_n.jpg 1024w, https:\/\/ecosdelsur.com\/wp-content\/uploads\/2024\/07\/451198755_122144335892248710_758373661030548892_n-300x165.jpg 300w, https:\/\/ecosdelsur.com\/wp-content\/uploads\/2024\/07\/451198755_122144335892248710_758373661030548892_n-768x422.jpg 768w\" data-sizes=\"(max-width: 1024px) 100vw, 1024px\" src=\"data:image\/svg+xml;base64,PHN2ZyB3aWR0aD0iMSIgaGVpZ2h0PSIxIiB4bWxucz0iaHR0cDovL3d3dy53My5vcmcvMjAwMC9zdmciPjwvc3ZnPg==\" style=\"--smush-placeholder-width: 1024px; --smush-placeholder-aspect-ratio: 1024\/562;\" \/><\/p>\n<p>La celebraci\u00f3n comenz\u00f3 a la hora 13 con el acompa\u00f1amiento de un d\u00eda soleado, propicio para que la familia del \u201cLobo\u201d celebre un nuevo a\u00f1o de la instituci\u00f3n que, sin dudas, ha demostrado el crecimiento obtenido en los \u00faltimos a\u00f1os.<\/p>\n<p>\u201cCuando uno es dirigente siempre trabaja para los chicos, que son los m\u00e1s importante para una instituci\u00f3n\u201d, manifest\u00f3 y asegur\u00f3 que en el club no solo se ense\u00f1a a jugar a la pelota, sino que tambi\u00e9n se contiene de muchas formas. \u201cPara nosotros es un placer tener tantos y que puedan disfrutar de una jornada inolvidable\u201d, dijo.<img decoding=\"async\" class=\"alignnone size-full wp-image-21238 lazyload\" data-src=\"https:\/\/ecosdelsur.com\/wp-content\/uploads\/2024\/07\/450940506_122144335886248710_6211102486827805364_n.jpg\" alt=\"\" width=\"1024\" height=\"570\" data-srcset=\"https:\/\/ecosdelsur.com\/wp-content\/uploads\/2024\/07\/450940506_122144335886248710_6211102486827805364_n.jpg 1024w, https:\/\/ecosdelsur.com\/wp-content\/uploads\/2024\/07\/450940506_122144335886248710_6211102486827805364_n-300x167.jpg 300w, https:\/\/ecosdelsur.com\/wp-content\/uploads\/2024\/07\/450940506_122144335886248710_6211102486827805364_n-768x428.jpg 768w, https:\/\/ecosdelsur.com\/wp-content\/uploads\/2024\/07\/450940506_122144335886248710_6211102486827805364_n-800x445.jpg 800w\" data-sizes=\"(max-width: 1024px) 100vw, 1024px\" src=\"data:image\/svg+xml;base64,PHN2ZyB3aWR0aD0iMSIgaGVpZ2h0PSIxIiB4bWxucz0iaHR0cDovL3d3dy53My5vcmcvMjAwMC9zdmciPjwvc3ZnPg==\" style=\"--smush-placeholder-width: 1024px; --smush-placeholder-aspect-ratio: 1024\/570;\" \/><\/p>\n<p>Respecto a la cantidad de jugadores que asisten, Saiquita comento que durante este a\u00f1o son 600, \u201ces much\u00edsimo, colm\u00f3 nuestras expectativas\u201d expuso y consider\u00f3 que eso se debe al trabajo que como instituci\u00f3n est\u00e1n alcanzando.<\/p>\n<p>A nivel de infraestructura, el dirigente manifest\u00f3 que actualmente cuentan con una cancha auxiliar inaugurada hace poco, con una labor dif\u00edcil por parte de la dirigencia, ahora est\u00e1n terminando de marcarla y colocar cuatro arcos, mientras que a partir del lunes venidero iniciar\u00edan las tareas en el gimnasio para atender esas necesidades edilicias.<\/p>\n<p>Sobre el final de la jornada, brind\u00f3 un mensaje a quienes lo integran y simpatizantes \u201cdecirles que nosotros siempre vamos a trabajar con responsabilidad, todo es sacrificio y en ese camino continuaremos\u201d, cerr\u00f3.<\/p>\n","protected":false},"excerpt":{"rendered":"<p>El Club Social y Deportivo Mar del Plata organiz\u00f3 un encuentro para festejar 61 a\u00f1os desde su fundaci\u00f3n. Acompa\u00f1aron la<\/p>\n","protected":false},"author":8,"featured_media":21237,"comment_status":"closed","ping_status":"closed","sticky":false,"template":"","format":"standard","meta":{"footnotes":""},"categories":[37],"tags":[],"class_list":["post-21235","post","type-post","status-publish","format-standard","has-post-thumbnail","hentry","category-deportes"],"_links":{"self":[{"href":"https:\/\/ecosdelsur.com\/index.php?rest_route=\/wp\/v2\/posts\/21235","targetHints":{"allow":["GET"]}}],"collection":[{"href":"https:\/\/ecosdelsur.com\/index.php?rest_route=\/wp\/v2\/posts"}],"about":[{"href":"https:\/\/ecosdelsur.com\/index.php?rest_route=\/wp\/v2\/types\/post"}],"author":[{"embeddable":true,"href":"https:\/\/ecosdelsur.com\/index.php?rest_route=\/wp\/v2\/users\/8"}],"replies":[{"embeddable":true,"href":"https:\/\/ecosdelsur.com\/index.php?rest_route=%2Fwp%2Fv2%2Fcomments&post=21235"}],"version-history":[{"count":0,"href":"https:\/\/ecosdelsur.com\/index.php?rest_route=\/wp\/v2\/posts\/21235\/revisions"}],"wp:featuredmedia":[{"embeddable":true,"href":"https:\/\/ecosdelsur.com\/index.php?rest_route=\/wp\/v2\/media\/21237"}],"wp:attachment":[{"href":"https:\/\/ecosdelsur.com\/index.php?rest_route=%2Fwp%2Fv2%2Fmedia&parent=21235"}],"wp:term":[{"taxonomy":"category","embeddable":true,"href":"https:\/\/ecosdelsur.com\/index.php?rest_route=%2Fwp%2Fv2%2Fcategories&post=21235"},{"taxonomy":"post_tag","embeddable":true,"href":"https:\/\/ecosdelsur.com\/index.php?rest_route=%2Fwp%2Fv2%2Ftags&post=21235"}],"curies":[{"name":"wp","href":"https:\/\/api.w.org\/{rel}","templated":true}]}}