{"id":21227,"date":"2024-07-15T20:32:55","date_gmt":"2024-07-15T20:32:55","guid":{"rendered":"https:\/\/ecosdelsur.com\/?p=21227"},"modified":"2024-07-15T20:32:55","modified_gmt":"2024-07-15T20:32:55","slug":"el-gobierno-formalizo-el-acuerdo-de-asistencia-al-ejercito-argentino-en-el-marco-del-coe","status":"publish","type":"post","link":"https:\/\/ecosdelsur.com\/?p=21227","title":{"rendered":"El Gobierno formaliz\u00f3 el acuerdo de asistencia al Ej\u00e9rcito Argentino en el marco del COE"},"content":{"rendered":"<p><span style=\"font-size: 16px;\">El Gobierno de Santa Cruz oficializ\u00f3 un convenio que garantiza la asistencia al Ej\u00e9rcito Argentino, proporcionando los recursos necesarios como combustible e insumos log\u00edsticos, en el contexto del Comit\u00e9 de Operac<\/span><span style=\"font-size: 16px;\">iones de Emergencia (COE), permitiendo que el Ej\u00e9rcito realice las operaciones de rescate y apoyo en las zonas afectadas, mientras que el gobierno provincial organiza y coordina todas las acciones de emergencia.<img decoding=\"async\" class=\"alignnone size-full wp-image-21228 lazyload\" data-src=\"https:\/\/ecosdelsur.com\/wp-content\/uploads\/2024\/07\/20240712_REUNION_JEFE_DE_GABINETE_CON_JEFE_DEL_EJERCITO_2.jpg\" alt=\"\" width=\"1024\" height=\"567\" data-srcset=\"https:\/\/ecosdelsur.com\/wp-content\/uploads\/2024\/07\/20240712_REUNION_JEFE_DE_GABINETE_CON_JEFE_DEL_EJERCITO_2.jpg 1024w, https:\/\/ecosdelsur.com\/wp-content\/uploads\/2024\/07\/20240712_REUNION_JEFE_DE_GABINETE_CON_JEFE_DEL_EJERCITO_2-300x166.jpg 300w, https:\/\/ecosdelsur.com\/wp-content\/uploads\/2024\/07\/20240712_REUNION_JEFE_DE_GABINETE_CON_JEFE_DEL_EJERCITO_2-768x425.jpg 768w\" data-sizes=\"(max-width: 1024px) 100vw, 1024px\" src=\"data:image\/svg+xml;base64,PHN2ZyB3aWR0aD0iMSIgaGVpZ2h0PSIxIiB4bWxucz0iaHR0cDovL3d3dy53My5vcmcvMjAwMC9zdmciPjwvc3ZnPg==\" style=\"--smush-placeholder-width: 1024px; --smush-placeholder-aspect-ratio: 1024\/567;\" \/><\/span><\/p>\n<div class=\"itemFullText\">\n<p>Con la presencia del jefe de Gabinete de Ministros, Daniel \u00c1lvarez, el presidente del Consejo Agrario Provincial, Adri\u00e1n Su\u00e1rez y el Jefe Mayor del Ej\u00e9rcito, Coronel Gustavo S\u00edvori, este viernes se dio formalidad, en t\u00e9rminos administrativos, al convenio de asistencia entre el Ejecutivo Provincial y el Ej\u00e9rcito Argentino. Las acciones se iniciaron por la urgencia de la crisis clim\u00e1tica, que no pod\u00eda esperar los tiempos administrativos\u00a0y por esta raz\u00f3n, se avanz\u00f3 en dos l\u00edneas paralelas: por un lado, el heroico compromiso del Ej\u00e9rcito Argentino y, por el otro, la formalidad de los papeles y la burocracia interinstitucional. Este acuerdo se enmarca en las acciones conjuntas desplegadas en toda la provincia como parte del Comit\u00e9 de Operaciones de Emergencia (COE).<\/p>\n<p>&#8220;Acabamos de firmar un documento que solo le da formalidad a lo que venimos haciendo desde el primer d\u00eda,\u201d se\u00f1al\u00f3 el Coronel Mayor Gustavo S\u00edvori, quien agreg\u00f3 que \u201cbajo el liderazgo de la provincia, todas las agencias que estamos en Santa Cruz estamos para dar una mano. Esto es nada m\u00e1s que una firma de un convenio que le da el marco legal a lo que venimos haciendo,&#8221; expres\u00f3 el jefe mayor del Ej\u00e9rcito.<\/p>\n<p>S\u00edvori describi\u00f3 la situaci\u00f3n climatol\u00f3gica actual como \u201csumamente dif\u00edcil,&#8221; enfatizando que hace muchos a\u00f1os no enfrentaban algo similar. Explic\u00f3 que, si bien es una situaci\u00f3n cr\u00edtica, &#8220;para nosotros es muy importante porque adem\u00e1s sirve de adiestramiento para nuestros conductores de M113 y camiones que manejen en estas condiciones. Es bueno para su formaci\u00f3n profesional,&#8221; indic\u00f3.<\/p>\n<p>Actualmente, son alrededor de 89 veh\u00edculos y 222 personas que est\u00e1n desplegados en siete puntos de la provincia, desde Perito Moreno hasta Tapi Aike. Consultado sobre la respuesta de aquellas personas que reciben la asistencia, S\u00edvori remarc\u00f3 que \u201cmuchos est\u00e1n agradecidos con las medidas tomadas por la provincia para permitirles seguir adelante con sus tareas. Muchos se quieren quedar y est\u00e1 muy bien, otros hemos evacuado, los hemos sacado de los lugares inh\u00f3spitos donde estaban. Pero bueno, nosotros no esperamos un agradecimiento, lo que queremos es ayudar y estamos haciendo nuestra tarea, nuestra misi\u00f3n.\u201d<\/p>\n<p>En la misma l\u00ednea, el presidente del Consejo Agrario Provincial, Adri\u00e1n Su\u00e1rez, tambi\u00e9n presente durante la r\u00fabrica, agreg\u00f3 que &#8220;es muy importante, aunque ya hab\u00edamos comenzado con esta interacci\u00f3n y apoyo hace d\u00edas. Agradecemos fuertemente desde la provincia y desde el sector agropecuario,&#8221; coment\u00f3. Respecto a la situaci\u00f3n actual, indic\u00f3 que las temperaturas han comenzado a cambiar, lo que ha ayudado al deshielo, aunque no en la misma medida en todas las \u00e1reas.<\/p>\n<p>Actualmente, &#8220;lo que eran 180 productores en emergencia extrema, hoy son 250. Estamos adquiriendo m\u00e1s forraje para llegar a esos productores y trabajando fuertemente,&#8221; a\u00f1adi\u00f3 Su\u00e1rez. \u201cEl Gobernador est\u00e1 en zona norte, accediendo a estancias, donde tenemos m\u00e1s nieve que ac\u00e1. Ya estamos llegando con alimento en cada localidad de la provincia para abastecer a los productores.\u201d<\/p>\n<p>Su\u00e1rez explic\u00f3 que se han distribuido m\u00e1s de 8 centros de acopio en Perito Moreno, Las Heras, San Juli\u00e1n, Piedra Buena, Puerto Santa Cruz, R\u00edo Gallegos, en la zona de La Esperanza, Fuentes del Coyle, El Calafate y Gobernador Gregores, \u201cpara que quede lo m\u00e1s cerca posible. Sabemos que tenemos la segunda provincia en extensi\u00f3n del pa\u00eds, y no es f\u00e1cil la log\u00edstica, pero estamos trabajando fuerte y seriamente para llegar a todos los productores de la provincia.\u201d<\/p>\n<p>Por su parte, el jefe de Gabinete, Daniel \u00c1lvarez, resalt\u00f3 la r\u00e1pida y comprometida respuesta del Ej\u00e9rcito Argentino y la importancia de esta colaboraci\u00f3n para enfrentar la crisis en el sector productivo del campo santacruce\u00f1o. \u201cEntendemos que estamos ante un escenario muy complicado para el sector productivo del campo santacruce\u00f1o y justamente dentro de ese marco estamos trabajando con el Ej\u00e9rcito Argentino desde hace un par de semanas, en forma mancomunada, donde nuestro Ej\u00e9rcito pone a disposici\u00f3n toda su log\u00edstica, sus veh\u00edculos, sus helic\u00f3pteros, y la provincia de Santa Cruz aporta lo necesario para poder llegar hasta estos lugares en particular. Estamos hablando de combustibles, lubricantes e insumos necesarios para el desplazamiento de la flota. Esto es lo que se ha formalizado hoy,\u201d explic\u00f3.<\/p>\n<p>&#8220;Nuestro Ej\u00e9rcito pone a disposici\u00f3n toda su log\u00edstica, sus veh\u00edculos, sus helic\u00f3pteros, y la provincia de Santa Cruz aporta lo necesario para poder llegar hasta estos lugares en particular&#8221;, finaliz\u00f3 \u00c1lvarez.<\/p>\n<\/div>\n","protected":false},"excerpt":{"rendered":"<p>El Gobierno de Santa Cruz oficializ\u00f3 un convenio que garantiza la asistencia al Ej\u00e9rcito Argentino, proporcionando los recursos necesarios como<\/p>\n","protected":false},"author":8,"featured_media":21229,"comment_status":"closed","ping_status":"closed","sticky":false,"template":"","format":"standard","meta":{"footnotes":""},"categories":[33],"tags":[],"class_list":["post-21227","post","type-post","status-publish","format-standard","has-post-thumbnail","hentry","category-politica"],"_links":{"self":[{"href":"https:\/\/ecosdelsur.com\/index.php?rest_route=\/wp\/v2\/posts\/21227","targetHints":{"allow":["GET"]}}],"collection":[{"href":"https:\/\/ecosdelsur.com\/index.php?rest_route=\/wp\/v2\/posts"}],"about":[{"href":"https:\/\/ecosdelsur.com\/index.php?rest_route=\/wp\/v2\/types\/post"}],"author":[{"embeddable":true,"href":"https:\/\/ecosdelsur.com\/index.php?rest_route=\/wp\/v2\/users\/8"}],"replies":[{"embeddable":true,"href":"https:\/\/ecosdelsur.com\/index.php?rest_route=%2Fwp%2Fv2%2Fcomments&post=21227"}],"version-history":[{"count":0,"href":"https:\/\/ecosdelsur.com\/index.php?rest_route=\/wp\/v2\/posts\/21227\/revisions"}],"wp:featuredmedia":[{"embeddable":true,"href":"https:\/\/ecosdelsur.com\/index.php?rest_route=\/wp\/v2\/media\/21229"}],"wp:attachment":[{"href":"https:\/\/ecosdelsur.com\/index.php?rest_route=%2Fwp%2Fv2%2Fmedia&parent=21227"}],"wp:term":[{"taxonomy":"category","embeddable":true,"href":"https:\/\/ecosdelsur.com\/index.php?rest_route=%2Fwp%2Fv2%2Fcategories&post=21227"},{"taxonomy":"post_tag","embeddable":true,"href":"https:\/\/ecosdelsur.com\/index.php?rest_route=%2Fwp%2Fv2%2Ftags&post=21227"}],"curies":[{"name":"wp","href":"https:\/\/api.w.org\/{rel}","templated":true}]}}