{"id":21149,"date":"2024-07-12T17:07:16","date_gmt":"2024-07-12T17:07:16","guid":{"rendered":"https:\/\/ecosdelsur.com\/?p=21149"},"modified":"2024-07-12T17:07:16","modified_gmt":"2024-07-12T17:07:16","slug":"corazon-comercialero-cumplio-8-anos-y-los-celebro-en-el-centro-cultural","status":"publish","type":"post","link":"https:\/\/ecosdelsur.com\/?p=21149","title":{"rendered":"\u201cCoraz\u00f3n Comercialero\u201d cumpli\u00f3 8 a\u00f1os y los celebr\u00f3 en el Centro Cultural"},"content":{"rendered":"<p>El evento tuvo lugar el jueves a las 20:30 hs en el SUM del Centro Cultural. Participaron academias de Comodoro Rivadavia y zona norte de Santa Cruz.<\/p>\n<p>\u201cCoraz\u00f3n Comercialero\u201d cumpli\u00f3 su 8\u00b0 Aniversario y el instructor Jose Daniel destac\u00f3 el crecimiento que ha tenido a lo largo de estos a\u00f1os el baile de m\u00fasica comercial.<\/p>\n<p>La entrada fue un elemento de limpieza y a cambio los participantes recibieron un n\u00famero para participar de varios sorteos.<\/p>\n<p>El objetivo de la celebraci\u00f3n fue mostrar a la comunidad de qu\u00e9 se trata este baile en pareja y as\u00ed poder sumarse.<\/p>\n<p>Para m\u00e1s informaci\u00f3n, los interesados pueden acercarse a la Uni\u00f3n Vecinal del barrio Nuevos Pobladores, ubicada en Isabel Madro\u00f1al 189.<\/p>\n","protected":false},"excerpt":{"rendered":"<p>El evento tuvo lugar el jueves a las 20:30 hs en el SUM del Centro Cultural. Participaron academias de Comodoro<\/p>\n","protected":false},"author":8,"featured_media":21150,"comment_status":"closed","ping_status":"closed","sticky":false,"template":"","format":"standard","meta":{"footnotes":""},"categories":[35],"tags":[60],"class_list":["post-21149","post","type-post","status-publish","format-standard","has-post-thumbnail","hentry","category-sociedad","tag-caleta-olivia"],"_links":{"self":[{"href":"https:\/\/ecosdelsur.com\/index.php?rest_route=\/wp\/v2\/posts\/21149","targetHints":{"allow":["GET"]}}],"collection":[{"href":"https:\/\/ecosdelsur.com\/index.php?rest_route=\/wp\/v2\/posts"}],"about":[{"href":"https:\/\/ecosdelsur.com\/index.php?rest_route=\/wp\/v2\/types\/post"}],"author":[{"embeddable":true,"href":"https:\/\/ecosdelsur.com\/index.php?rest_route=\/wp\/v2\/users\/8"}],"replies":[{"embeddable":true,"href":"https:\/\/ecosdelsur.com\/index.php?rest_route=%2Fwp%2Fv2%2Fcomments&post=21149"}],"version-history":[{"count":0,"href":"https:\/\/ecosdelsur.com\/index.php?rest_route=\/wp\/v2\/posts\/21149\/revisions"}],"wp:featuredmedia":[{"embeddable":true,"href":"https:\/\/ecosdelsur.com\/index.php?rest_route=\/wp\/v2\/media\/21150"}],"wp:attachment":[{"href":"https:\/\/ecosdelsur.com\/index.php?rest_route=%2Fwp%2Fv2%2Fmedia&parent=21149"}],"wp:term":[{"taxonomy":"category","embeddable":true,"href":"https:\/\/ecosdelsur.com\/index.php?rest_route=%2Fwp%2Fv2%2Fcategories&post=21149"},{"taxonomy":"post_tag","embeddable":true,"href":"https:\/\/ecosdelsur.com\/index.php?rest_route=%2Fwp%2Fv2%2Ftags&post=21149"}],"curies":[{"name":"wp","href":"https:\/\/api.w.org\/{rel}","templated":true}]}}