{"id":21137,"date":"2024-07-12T06:23:22","date_gmt":"2024-07-12T06:23:22","guid":{"rendered":"https:\/\/ecosdelsur.com\/?p=21137"},"modified":"2024-07-12T06:23:22","modified_gmt":"2024-07-12T06:23:22","slug":"vidal-necesitamos-gente-como-segundo-y-como-su-equipo-de-trabajo","status":"publish","type":"post","link":"https:\/\/ecosdelsur.com\/?p=21137","title":{"rendered":"Vidal: \u201cNecesitamos gente como Segundo y como su equipo de trabajo\u201d"},"content":{"rendered":"<p><span class=\"itemDateCreated\">Jueves, 11 Julio 2024 &#8211; <\/span><span style=\"font-size: 16px;\">As\u00ed lo se\u00f1al\u00f3 el gobernador Claudio Vidal al recorrer las instalaciones de Bomberos Voluntarios \u201c2 de Junio\u201d de Caleta Olivia. Se da en el marco del acompa\u00f1amiento que el mandatario lleva adelante en la zona norte provincial. Dialog\u00f3 con trabajadores y destac\u00f3 \u201cel esp\u00edritu solidario\u201d del presidente de la instituci\u00f3n, Segundo Rodr\u00edguez, y su equipo. En el lugar, hizo entrega de equipos de rescate vehicular. <img decoding=\"async\" class=\"alignnone size-full wp-image-21139 lazyload\" data-src=\"https:\/\/ecosdelsur.com\/wp-content\/uploads\/2024\/07\/WhatsApp_Image_2024-07-11_at_16.46.43_1.jpeg\" alt=\"\" width=\"1024\" height=\"543\" data-srcset=\"https:\/\/ecosdelsur.com\/wp-content\/uploads\/2024\/07\/WhatsApp_Image_2024-07-11_at_16.46.43_1.jpeg 1024w, https:\/\/ecosdelsur.com\/wp-content\/uploads\/2024\/07\/WhatsApp_Image_2024-07-11_at_16.46.43_1-300x159.jpeg 300w, https:\/\/ecosdelsur.com\/wp-content\/uploads\/2024\/07\/WhatsApp_Image_2024-07-11_at_16.46.43_1-768x407.jpeg 768w\" data-sizes=\"(max-width: 1024px) 100vw, 1024px\" src=\"data:image\/svg+xml;base64,PHN2ZyB3aWR0aD0iMSIgaGVpZ2h0PSIxIiB4bWxucz0iaHR0cDovL3d3dy53My5vcmcvMjAwMC9zdmciPjwvc3ZnPg==\" style=\"--smush-placeholder-width: 1024px; --smush-placeholder-aspect-ratio: 1024\/543;\" \/> <\/span><\/p>\n<div class=\"itemFullText\">\n<p>El gobernador Claudio Vidal visit\u00f3 las instalaciones donde se desempe\u00f1an los Bomberos Voluntarios \u201c2 de Junio\u201d que funciona en Caleta Olivia, acompa\u00f1ado del ministro de Seguridad, Pedro Prodromos; y el intendente de la localidad, Pablo Carrizo. En el lugar, el mandatario hizo entrega de equipos de rescate vehicular a los trabajadores con quienes, adem\u00e1s, dialog\u00f3 sobre la tarea que llevan adelante.<img decoding=\"async\" class=\"alignnone size-full wp-image-21140 lazyload\" data-src=\"https:\/\/ecosdelsur.com\/wp-content\/uploads\/2024\/07\/WhatsApp_Image_2024-07-11_at_16.46.45.jpeg\" alt=\"\" width=\"1024\" height=\"610\" data-srcset=\"https:\/\/ecosdelsur.com\/wp-content\/uploads\/2024\/07\/WhatsApp_Image_2024-07-11_at_16.46.45.jpeg 1024w, https:\/\/ecosdelsur.com\/wp-content\/uploads\/2024\/07\/WhatsApp_Image_2024-07-11_at_16.46.45-300x179.jpeg 300w, https:\/\/ecosdelsur.com\/wp-content\/uploads\/2024\/07\/WhatsApp_Image_2024-07-11_at_16.46.45-768x458.jpeg 768w\" data-sizes=\"(max-width: 1024px) 100vw, 1024px\" src=\"data:image\/svg+xml;base64,PHN2ZyB3aWR0aD0iMSIgaGVpZ2h0PSIxIiB4bWxucz0iaHR0cDovL3d3dy53My5vcmcvMjAwMC9zdmciPjwvc3ZnPg==\" style=\"--smush-placeholder-width: 1024px; --smush-placeholder-aspect-ratio: 1024\/610;\" \/><\/p>\n<p>Vidal habl\u00f3 con el presidente de Bomberos Voluntarios, Segundo Rodr\u00edguez, a quien le reconoci\u00f3 el enorme trabajo que realizan los agentes.<\/p>\n<p>\u201cNecesitamos gente como Segundo, como su equipo de trabajo. Gente predispuesta, con ganas de trabajar, con ganas de aportar a la comunidad. Son bomberos voluntarios, hacen todo totalmente ad honorem, con mucho esfuerzo\u201d, enfatiz\u00f3 el mandatario provincial.<\/p>\n<p>Reconoci\u00f3 que \u201cmuchas veces le sacan horas para estar con la familia y venir ac\u00e1 al cuartel y estar atento a cualquier emergencia que surja en la localidad, entonces, necesitamos m\u00e1s gente como Segundo y su equipo\u201d, a quienes calific\u00f3 como \u201csolidarios, con ganas de trabajar por los dem\u00e1s\u201d.<\/p>\n<p>Vidal remarc\u00f3 que \u00e9sta \u201ces la \u00fanica forma, o es parte de lo que nosotros necesitamos para sacar esta provincia adelante, gente que quiera hacer el bien\u201d. En Caleta Olivia, Segundo y su equipo trabajan sin descanso para dar su aporte a la comunidad de la zona norte: \u201cNosotros, desde el Gobierno, acompa\u00f1amos, pero quiero recordar que hay otros pedidos de bomberos voluntarios del resto de la provincia, no me olvido de ellos\u201d, mencion\u00f3.<\/p>\n<p>\u201cYo s\u00e9 la dif\u00edcil situaci\u00f3n estructural que viven. Vamos a tratar de llegar a todos lados, de a poquito. Es una tarea dif\u00edcil. Fueron muchos a\u00f1os de abandono. Ahora nos toca a nosotros comenzar a cumplir y reestructurar nuestra provincia. As\u00ed que, contento por poder ayudar\u201d, sintetiz\u00f3 tras su visita.<\/p>\n<p>\u201cFelicitaciones por el trabajo que hacen. Son ellos los que est\u00e1n ac\u00e1. D\u00eda y noche, las 24 horas, trabajando, esperando que llegue el momento para poder ayudar. Quiz\u00e1s estas cosas, a veces, no se toman muy en cuenta, no se ven\u201d, puntualiz\u00f3 Vidal.<\/p>\n<p>Sobre la entrega de equipos, mencion\u00f3 que \u201ces parte del recurso que necesitan las distintas instituciones para cubrir alg\u00fan tipo de accidente, as\u00ed que a seguir trabajando porque hay muchos lugares que esperan un aporte para poder trabajar en beneficio de la comunidad\u201d, agreg\u00f3 Vidal para finalizar.<\/p>\n<\/div>\n","protected":false},"excerpt":{"rendered":"<p>Jueves, 11 Julio 2024 &#8211; As\u00ed lo se\u00f1al\u00f3 el gobernador Claudio Vidal al recorrer las instalaciones de Bomberos Voluntarios \u201c2<\/p>\n","protected":false},"author":8,"featured_media":21138,"comment_status":"closed","ping_status":"closed","sticky":false,"template":"","format":"standard","meta":{"footnotes":""},"categories":[33],"tags":[],"class_list":["post-21137","post","type-post","status-publish","format-standard","has-post-thumbnail","hentry","category-politica"],"_links":{"self":[{"href":"https:\/\/ecosdelsur.com\/index.php?rest_route=\/wp\/v2\/posts\/21137","targetHints":{"allow":["GET"]}}],"collection":[{"href":"https:\/\/ecosdelsur.com\/index.php?rest_route=\/wp\/v2\/posts"}],"about":[{"href":"https:\/\/ecosdelsur.com\/index.php?rest_route=\/wp\/v2\/types\/post"}],"author":[{"embeddable":true,"href":"https:\/\/ecosdelsur.com\/index.php?rest_route=\/wp\/v2\/users\/8"}],"replies":[{"embeddable":true,"href":"https:\/\/ecosdelsur.com\/index.php?rest_route=%2Fwp%2Fv2%2Fcomments&post=21137"}],"version-history":[{"count":0,"href":"https:\/\/ecosdelsur.com\/index.php?rest_route=\/wp\/v2\/posts\/21137\/revisions"}],"wp:featuredmedia":[{"embeddable":true,"href":"https:\/\/ecosdelsur.com\/index.php?rest_route=\/wp\/v2\/media\/21138"}],"wp:attachment":[{"href":"https:\/\/ecosdelsur.com\/index.php?rest_route=%2Fwp%2Fv2%2Fmedia&parent=21137"}],"wp:term":[{"taxonomy":"category","embeddable":true,"href":"https:\/\/ecosdelsur.com\/index.php?rest_route=%2Fwp%2Fv2%2Fcategories&post=21137"},{"taxonomy":"post_tag","embeddable":true,"href":"https:\/\/ecosdelsur.com\/index.php?rest_route=%2Fwp%2Fv2%2Ftags&post=21137"}],"curies":[{"name":"wp","href":"https:\/\/api.w.org\/{rel}","templated":true}]}}