{"id":21130,"date":"2024-07-12T06:13:30","date_gmt":"2024-07-12T06:13:30","guid":{"rendered":"https:\/\/ecosdelsur.com\/?p=21130"},"modified":"2024-07-12T06:27:28","modified_gmt":"2024-07-12T06:27:28","slug":"escarcha-derrape-y-vuelco-en-canadon-bajo-minerales","status":"publish","type":"post","link":"https:\/\/ecosdelsur.com\/?p=21130","title":{"rendered":"Escarcha, derrape y vuelco en Ca\u00f1ad\u00f3n Bajo Minerales"},"content":{"rendered":"<p><span class=\"itemDateCreated\">Jueves, 11 Julio 2024 &#8211; <\/span>En la ma\u00f1ana de este jueves, cuando una capa de escarcha cubr\u00eda la Ruta Nacional N\u00ba 3, en el denominado Ca\u00f1ad\u00f3n Bajo Minerales, cerca de Fitz Roy, un autom\u00f3vil Peugeot 408 de color gris protagoniz\u00f3 un vuelco y su conductor sufri\u00f3 lesiones leves, pero igualmente fue trasladado al Hospital Zonal de Caleta Olivia para ser sometido a un chequeo m\u00e9dico.<img decoding=\"async\" class=\"alignnone size-full wp-image-21133 lazyload\" data-src=\"https:\/\/ecosdelsur.com\/wp-content\/uploads\/2024\/07\/WhatsApp-Image-2024-07-11-at-14.23.29-1.jpeg\" alt=\"\" width=\"1024\" height=\"576\" data-srcset=\"https:\/\/ecosdelsur.com\/wp-content\/uploads\/2024\/07\/WhatsApp-Image-2024-07-11-at-14.23.29-1.jpeg 1024w, https:\/\/ecosdelsur.com\/wp-content\/uploads\/2024\/07\/WhatsApp-Image-2024-07-11-at-14.23.29-1-300x169.jpeg 300w, https:\/\/ecosdelsur.com\/wp-content\/uploads\/2024\/07\/WhatsApp-Image-2024-07-11-at-14.23.29-1-768x432.jpeg 768w\" data-sizes=\"(max-width: 1024px) 100vw, 1024px\" src=\"data:image\/svg+xml;base64,PHN2ZyB3aWR0aD0iMSIgaGVpZ2h0PSIxIiB4bWxucz0iaHR0cDovL3d3dy53My5vcmcvMjAwMC9zdmciPjwvc3ZnPg==\" style=\"--smush-placeholder-width: 1024px; --smush-placeholder-aspect-ratio: 1024\/576;\" \/><\/p>\n<p>El accidente se registr\u00f3 alrededor de las 09.00 y hacia el lugar acudi\u00f3 personal de la Subcomisar\u00eda de Fitz Roy al mando del comisario Daniel P\u00e9rez, constatando que el conductor de 42 a\u00f1os, residente en esa misma localidad, se hallaba dentro del habit\u00e1culo, consciente pero hab\u00eda sufrido algunos golpes.<\/p>\n<p>Seg\u00fan su propio testimonio, perdi\u00f3 el control del veh\u00edculo debido a la escarcha en el asfalto.<\/p>\n<p>En el lugar tambi\u00e9n intervino el personal de bomberos de la Unidad 25 que procedi\u00f3 a desconectar la bater\u00eda del auto que acus\u00f3 cuantiosos da\u00f1os materiales.<\/p>\n","protected":false},"excerpt":{"rendered":"<p>Jueves, 11 Julio 2024 &#8211; En la ma\u00f1ana de este jueves, cuando una capa de escarcha cubr\u00eda la Ruta Nacional<\/p>\n","protected":false},"author":8,"featured_media":21132,"comment_status":"closed","ping_status":"closed","sticky":false,"template":"","format":"standard","meta":{"footnotes":""},"categories":[36],"tags":[],"class_list":["post-21130","post","type-post","status-publish","format-standard","has-post-thumbnail","hentry","category-policiales"],"_links":{"self":[{"href":"https:\/\/ecosdelsur.com\/index.php?rest_route=\/wp\/v2\/posts\/21130","targetHints":{"allow":["GET"]}}],"collection":[{"href":"https:\/\/ecosdelsur.com\/index.php?rest_route=\/wp\/v2\/posts"}],"about":[{"href":"https:\/\/ecosdelsur.com\/index.php?rest_route=\/wp\/v2\/types\/post"}],"author":[{"embeddable":true,"href":"https:\/\/ecosdelsur.com\/index.php?rest_route=\/wp\/v2\/users\/8"}],"replies":[{"embeddable":true,"href":"https:\/\/ecosdelsur.com\/index.php?rest_route=%2Fwp%2Fv2%2Fcomments&post=21130"}],"version-history":[{"count":0,"href":"https:\/\/ecosdelsur.com\/index.php?rest_route=\/wp\/v2\/posts\/21130\/revisions"}],"wp:featuredmedia":[{"embeddable":true,"href":"https:\/\/ecosdelsur.com\/index.php?rest_route=\/wp\/v2\/media\/21132"}],"wp:attachment":[{"href":"https:\/\/ecosdelsur.com\/index.php?rest_route=%2Fwp%2Fv2%2Fmedia&parent=21130"}],"wp:term":[{"taxonomy":"category","embeddable":true,"href":"https:\/\/ecosdelsur.com\/index.php?rest_route=%2Fwp%2Fv2%2Fcategories&post=21130"},{"taxonomy":"post_tag","embeddable":true,"href":"https:\/\/ecosdelsur.com\/index.php?rest_route=%2Fwp%2Fv2%2Ftags&post=21130"}],"curies":[{"name":"wp","href":"https:\/\/api.w.org\/{rel}","templated":true}]}}