{"id":21124,"date":"2024-07-12T06:00:51","date_gmt":"2024-07-12T06:00:51","guid":{"rendered":"https:\/\/ecosdelsur.com\/?p=21124"},"modified":"2024-07-12T06:01:05","modified_gmt":"2024-07-12T06:01:05","slug":"luxen-sobre-la-emergencia-climatica-todas-las-fuerzas-trabajan-a-contrarreloj","status":"publish","type":"post","link":"https:\/\/ecosdelsur.com\/?p=21124","title":{"rendered":"Luxen sobre la Emergencia Clim\u00e1tica: \u201cTodas las fuerzas trabajan a contrarreloj\u201d"},"content":{"rendered":"<p><span style=\"font-size: 16px;\">11 de julio de 2024- El ministro de Gobierno, Pedro Luxen, dialog\u00f3 sobre la emergencia clim\u00e1tica y agropecuaria que rige en todo el territorio santacruce\u00f1o. Hizo referencia al trabajo de la provincia para hacer frente a la problem\u00e1tica en los sectores rurales que hoy se ven severamente afectados. \u201cEs un desaf\u00edo volver a poner a Vialidad en el lugar donde siempre debi\u00f3 estar\u201d, asegur\u00f3 al recordar c\u00f3mo recibieron el organismo en diciembre.<img decoding=\"async\" class=\"alignnone size-full wp-image-21126 lazyload\" data-src=\"https:\/\/ecosdelsur.com\/wp-content\/uploads\/2024\/07\/WhatsApp_Image_2024-07-11_at_15.36.19_2.jpeg\" alt=\"\" width=\"768\" height=\"437\" data-srcset=\"https:\/\/ecosdelsur.com\/wp-content\/uploads\/2024\/07\/WhatsApp_Image_2024-07-11_at_15.36.19_2.jpeg 768w, https:\/\/ecosdelsur.com\/wp-content\/uploads\/2024\/07\/WhatsApp_Image_2024-07-11_at_15.36.19_2-300x171.jpeg 300w\" data-sizes=\"(max-width: 768px) 100vw, 768px\" src=\"data:image\/svg+xml;base64,PHN2ZyB3aWR0aD0iMSIgaGVpZ2h0PSIxIiB4bWxucz0iaHR0cDovL3d3dy53My5vcmcvMjAwMC9zdmciPjwvc3ZnPg==\" style=\"--smush-placeholder-width: 768px; --smush-placeholder-aspect-ratio: 768\/437;\" \/> Adem\u00e1s, habl\u00f3 de la situaci\u00f3n actual de la provincia, las cajas y el di\u00e1logo con los municipios.<\/span><\/p>\n<div class=\"itemFullText\">\n<p>El ministro de Gobierno de Santa Cruz, Pedro Luxen, habl\u00f3 con LU14 Radio Provincia sobre diferentes temas, entre ellos, la emergencia clim\u00e1tica que rige en Santa Cruz en funci\u00f3n de la cruda temporada invernal.<img decoding=\"async\" class=\"alignnone size-full wp-image-21125 lazyload\" data-src=\"https:\/\/ecosdelsur.com\/wp-content\/uploads\/2024\/07\/29f73959b4fa92e80cce3939a4efdea4_XL.jpg\" alt=\"\" width=\"720\" height=\"395\" data-srcset=\"https:\/\/ecosdelsur.com\/wp-content\/uploads\/2024\/07\/29f73959b4fa92e80cce3939a4efdea4_XL.jpg 720w, https:\/\/ecosdelsur.com\/wp-content\/uploads\/2024\/07\/29f73959b4fa92e80cce3939a4efdea4_XL-300x165.jpg 300w\" data-sizes=\"(max-width: 720px) 100vw, 720px\" src=\"data:image\/svg+xml;base64,PHN2ZyB3aWR0aD0iMSIgaGVpZ2h0PSIxIiB4bWxucz0iaHR0cDovL3d3dy53My5vcmcvMjAwMC9zdmciPjwvc3ZnPg==\" style=\"--smush-placeholder-width: 720px; --smush-placeholder-aspect-ratio: 720\/395;\" \/><\/p>\n<p>En este sentido, record\u00f3 c\u00f3mo estaba el organismo cuando asumieron la gesti\u00f3n en el mes de diciembre: \u201cSe encontraba en muy mal estado, con el equipamiento completamente detonado, con maquinaria vieja. Toda la atenci\u00f3n que brind\u00f3 Vialidad se debe a su recurso humano, porque sus trabajadores le han puesto todo\u201d, explic\u00f3.<\/p>\n<p>\u201cNo ten\u00edan repuestos, cubiertas, camionetas, los puestos fijos estaban sin calefacci\u00f3n, no hab\u00eda buenas condiciones laborales, esa es la realidad. R\u00e1pidamente nosotros estamos haciendo las correcciones, porque ha estado abandonada por much\u00edsimo tiempo, as\u00ed que es un desaf\u00edo volver a poner a Vialidad en el lugar donde siempre debi\u00f3 estar\u201d, asegur\u00f3 Luxen.<\/p>\n<p>El ministro de Gobierno, en otro tramo, habl\u00f3 sobre la vigencia de la normativa que busca acompa\u00f1ar a todo el territorio provincial.<\/p>\n<p>\u201cConstantemente hacemos reuniones con el COE, donde participan todas las fuerzas en los ingresos a establecimientos rurales, el gran desaf\u00edo que tenemos es poder liberar todos los caminos para que puedan ingresar los alimentos\u201d, especific\u00f3.<\/p>\n<p>\u201cTodas las fuerzas est\u00e1n haciendo un trabajo contrarreloj, d\u00eda y noche, la provincia est\u00e1 haciendo un gran esfuerzo en combustible, alimentos, medicamentos, no s\u00f3lo es emergencia agropecuaria y clim\u00e1tica, sino que tambi\u00e9n impacta en los barrios de toda la provincia\u201d, record\u00f3 y marc\u00f3 que \u201ctenemos que estar presentes para acompa\u00f1ar y en ese camino estamos\u201d.<\/p>\n<p>En paralelo, el ministro record\u00f3 que tambi\u00e9n rige la Emergencia Energ\u00e9tica en Santa Cruz, luego de los amparos presentados por el Ejecutivo. \u201cNosotros impulsamos la emergencia energ\u00e9tica hace unos meses atr\u00e1s para ponerle un freno a las tarifas de gas. En su momento, habl\u00e1bamos que en localidades donde no tienen redes de gas natural el aumento iba a ser de mas de un 800% y m\u00e1s de un 500% en localidades que tienen red de gas, el amparo le puso un freno a eso\u201d, mencion\u00f3.<\/p>\n<p>Luxen, sin embargo, mencion\u00f3 que \u201cas\u00ed y todo, las tarifas de gas siguen siendo elevadas, vamos a seguir trabajando con eso, ahora apuntando al gas comercial que tenemos para que no sean tan pesadas las tarifas que van a llegar\u201d.<\/p>\n<p><strong>El di\u00e1logo con intendentes y auditor\u00edas en organismos<\/strong><\/p>\n<p>Consultado sobre el v\u00ednculo con jefes comunales de las localidades, en funci\u00f3n del turismo local y la emergencia clim\u00e1tica, Luxen se\u00f1al\u00f3 que estuvo reunido con el intendente de El Chalt\u00e9n hace unos d\u00edas para trabajar en los accesos en las rutas.\u00a0\u201cReforzando con maquinaria, estamos en comunicaci\u00f3n con Tres Lagos tambi\u00e9n, el ingreso a Parques Nacionales de El Calafate est\u00e1 un poco complicado, pero se est\u00e1 acompa\u00f1ando tanto desde la Municipalidad como desde Vialidad, es un trabajo conjunto para que no se pierda esa afluencia de turistas\u201d, describi\u00f3.<\/p>\n<p>Asimismo, Luxen habl\u00f3 del estado de las auditor\u00edas en los distintos organismos provinciales, recordando que cada Ministerio hizo su auditoria: \u201cTodav\u00eda llegan facturas para pagar del 2023, eso tambi\u00e9n muchas veces dilata algunas cuestiones administrativas, porque significan horas de trabajo, naturalmente va a haber un balance del estado en que se encuentra cada ministerio, que lo har\u00e1 el jefe de Gabinete en la C\u00e1mara de Diputados como corresponde\u201d, describi\u00f3.<\/p>\n<p><strong>Respecto a las Cajas de Previsi\u00f3n y de Servicios Sociales<\/strong><\/p>\n<p>El ministro de Gobierno, adem\u00e1s, hizo referencia a la deuda que sostienen algunos municipios con las Cajas de la provincia.\u00a0\u201cHay muchos municipios que ya empezaron a pagar porque entendieron que la Caja la tenemos que cuidar entre todos. Esto funciona as\u00ed, por ejemplo, el municipio les retiene el dinero a los agentes municipales, pero no le pagan a la Caja. Tienen que pagar lo que descuentan por ley a los trabajadores y se quedan con la plata, entonces naturalmente la gente se queja que no funciona la Caja, pero es plata que es de la Caja para su mejor funcionamiento. \u00bfQu\u00e9 excusa se puede tener si est\u00e1s descontando una plata a los trabajadores que no es tuya? El empleado se queja con justa raz\u00f3n, pero muchas veces se dificultan las cosas porque los municipios no pagan\u201d, record\u00f3.<\/p>\n<p>Sin embargo, asegur\u00f3 que el Ejecutivo est\u00e1 trabajando para normalizar la situaci\u00f3n y que los municipios est\u00e1n comenzando a saldar esa deuda.\u00a0\u201cPorque en el medio de aquellos que no quieren pagar hay muchos trabajadores que no tienen la prestaci\u00f3n y es una locura, lo tenemos que resolver, porque, adem\u00e1s, no tienen la opci\u00f3n de ir a optar por otra obra social, entonces tiene que haber responsabilidad y dejar esa pelea. La Caja es de todos y cuesta much\u00edsimo sostener medicamentos y atenci\u00f3n cuando no est\u00e1n pagando\u201d, record\u00f3 Luxen.<\/p>\n<p>En este sentido, mencion\u00f3 que, por ejemplo, con la intendencia de El Calafate se \u201cestableci\u00f3 una negociaci\u00f3n para que empiecen a pagar y nos estamos entendiendo perfectamente, estamos haciendo los acuerdos y vamos a normalizar, sin dudas\u201d, asegur\u00f3.<\/p>\n<p>Del mismo modo, Luxen habl\u00f3 de la Caja de Previsi\u00f3n Social: \u201cTambi\u00e9n hay que regularla, es una Caja con mucho d\u00e9ficit, tenemos que empezar a normalizarla y los intendentes tienen que tener responsabilidad a la hora de tomar gente\u201d, record\u00f3 al cierre.<\/p>\n<\/div>\n","protected":false},"excerpt":{"rendered":"<p>11 de julio de 2024- El ministro de Gobierno, Pedro Luxen, dialog\u00f3 sobre la emergencia clim\u00e1tica y agropecuaria que rige<\/p>\n","protected":false},"author":8,"featured_media":21127,"comment_status":"closed","ping_status":"closed","sticky":false,"template":"","format":"standard","meta":{"footnotes":""},"categories":[33],"tags":[],"class_list":["post-21124","post","type-post","status-publish","format-standard","has-post-thumbnail","hentry","category-politica"],"_links":{"self":[{"href":"https:\/\/ecosdelsur.com\/index.php?rest_route=\/wp\/v2\/posts\/21124","targetHints":{"allow":["GET"]}}],"collection":[{"href":"https:\/\/ecosdelsur.com\/index.php?rest_route=\/wp\/v2\/posts"}],"about":[{"href":"https:\/\/ecosdelsur.com\/index.php?rest_route=\/wp\/v2\/types\/post"}],"author":[{"embeddable":true,"href":"https:\/\/ecosdelsur.com\/index.php?rest_route=\/wp\/v2\/users\/8"}],"replies":[{"embeddable":true,"href":"https:\/\/ecosdelsur.com\/index.php?rest_route=%2Fwp%2Fv2%2Fcomments&post=21124"}],"version-history":[{"count":0,"href":"https:\/\/ecosdelsur.com\/index.php?rest_route=\/wp\/v2\/posts\/21124\/revisions"}],"wp:featuredmedia":[{"embeddable":true,"href":"https:\/\/ecosdelsur.com\/index.php?rest_route=\/wp\/v2\/media\/21127"}],"wp:attachment":[{"href":"https:\/\/ecosdelsur.com\/index.php?rest_route=%2Fwp%2Fv2%2Fmedia&parent=21124"}],"wp:term":[{"taxonomy":"category","embeddable":true,"href":"https:\/\/ecosdelsur.com\/index.php?rest_route=%2Fwp%2Fv2%2Fcategories&post=21124"},{"taxonomy":"post_tag","embeddable":true,"href":"https:\/\/ecosdelsur.com\/index.php?rest_route=%2Fwp%2Fv2%2Ftags&post=21124"}],"curies":[{"name":"wp","href":"https:\/\/api.w.org\/{rel}","templated":true}]}}