{"id":21119,"date":"2024-07-12T05:44:50","date_gmt":"2024-07-12T05:44:50","guid":{"rendered":"https:\/\/ecosdelsur.com\/?p=21119"},"modified":"2024-07-12T05:45:14","modified_gmt":"2024-07-12T05:45:14","slug":"emergencia-climatica-en-santa-cruz-arribo-la-ayuda-para-productores-y-trabajadores-rurales","status":"publish","type":"post","link":"https:\/\/ecosdelsur.com\/?p=21119","title":{"rendered":"Emergencia Clim\u00e1tica en Santa Cruz: Arrib\u00f3 la ayuda para productores y trabajadores rurales"},"content":{"rendered":"<div class=\"itemToolbar2\">\n<p><span class=\"itemDateCreated\">Jueves, 11 Julio 2024 &#8211; <\/span>El intendente Pablo Carrizo y el jefe de Gabinete Luis Melo acompa\u00f1aron al gobernador Claudio Vidal para recibir en el puesto policial \u00abRam\u00f3n Santos\u00bb en la Ruta N\u00b0 3, a m\u00e1s de 40 camiones que asistir\u00e1n con forraje para animales, alimentos a trabajadores rurales, peque\u00f1os y medianos productores de Santa Cruz afectados por las temperaturas extremas.<img decoding=\"async\" class=\"alignnone size-full wp-image-21120 lazyload\" data-src=\"https:\/\/ecosdelsur.com\/wp-content\/uploads\/2024\/07\/WhatsApp-Image-2024-07-11-at-3.39.38-PM-1024x682-1.jpeg\" alt=\"\" width=\"914\" height=\"545\" data-srcset=\"https:\/\/ecosdelsur.com\/wp-content\/uploads\/2024\/07\/WhatsApp-Image-2024-07-11-at-3.39.38-PM-1024x682-1.jpeg 914w, https:\/\/ecosdelsur.com\/wp-content\/uploads\/2024\/07\/WhatsApp-Image-2024-07-11-at-3.39.38-PM-1024x682-1-300x179.jpeg 300w, https:\/\/ecosdelsur.com\/wp-content\/uploads\/2024\/07\/WhatsApp-Image-2024-07-11-at-3.39.38-PM-1024x682-1-768x458.jpeg 768w\" data-sizes=\"(max-width: 914px) 100vw, 914px\" src=\"data:image\/svg+xml;base64,PHN2ZyB3aWR0aD0iMSIgaGVpZ2h0PSIxIiB4bWxucz0iaHR0cDovL3d3dy53My5vcmcvMjAwMC9zdmciPjwvc3ZnPg==\" style=\"--smush-placeholder-width: 914px; --smush-placeholder-aspect-ratio: 914\/545;\" \/><\/p>\n<\/div>\n<p>El gobierno provincial declar\u00f3 la Emergencia Clim\u00e1tica por 90 d\u00edas y activ\u00f3 un protocolo especial de ayuda para pobladores y ganado, que sufren las consecuencias de las temperaturas bajo cero, crisis de nieve y fr\u00edo. Tambi\u00e9n se reportaron varios inconvenientes para circular por las rutas y caminos, m\u00e1s las numerosas p\u00e9rdidas en el sector productivo.<img decoding=\"async\" class=\"alignnone size-full wp-image-21121 lazyload\" data-src=\"https:\/\/ecosdelsur.com\/wp-content\/uploads\/2024\/07\/WhatsApp-Image-2024-07-11-at-3.39.40-PM-1-1024x682-1.jpeg\" alt=\"\" width=\"962\" height=\"545\" data-srcset=\"https:\/\/ecosdelsur.com\/wp-content\/uploads\/2024\/07\/WhatsApp-Image-2024-07-11-at-3.39.40-PM-1-1024x682-1.jpeg 962w, https:\/\/ecosdelsur.com\/wp-content\/uploads\/2024\/07\/WhatsApp-Image-2024-07-11-at-3.39.40-PM-1-1024x682-1-300x170.jpeg 300w, https:\/\/ecosdelsur.com\/wp-content\/uploads\/2024\/07\/WhatsApp-Image-2024-07-11-at-3.39.40-PM-1-1024x682-1-768x435.jpeg 768w\" data-sizes=\"(max-width: 962px) 100vw, 962px\" src=\"data:image\/svg+xml;base64,PHN2ZyB3aWR0aD0iMSIgaGVpZ2h0PSIxIiB4bWxucz0iaHR0cDovL3d3dy53My5vcmcvMjAwMC9zdmciPjwvc3ZnPg==\" style=\"--smush-placeholder-width: 962px; --smush-placeholder-aspect-ratio: 962\/545;\" \/><\/p>\n<p>La ayuda que arrib\u00f3 este mediod\u00eda, se trata de 1.100.000 kilos de forraje destinado para el ganado, alimentos para estancieros y trabajadores rurales que necesitan asistencia de urgencia. \u00ab\u00c9sta provincia fue una de la primeras en producci\u00f3n ganadera, La idea de este gobierno es recuperar la ganader\u00eda y cuidarla\u00bb, sostuvo Vidal.<\/p>\n<p>El gobernador Claudio Vidal tambi\u00e9n se refiri\u00f3 al invierno anticipado que afecta a la provincia, y especific\u00f3 la gesti\u00f3n del trabajo articulado con fuerzas especiales y entes provinciales. \u00abLa situaci\u00f3n no es f\u00e1cil, tenemos el 70% de la provincia cubierta con nieve, algo nunca visto, por eso los invit\u00f3 a trabajar entre todos, y ayudar al sector ganadero y rural\u00bb, destac\u00f3.<\/p>\n","protected":false},"excerpt":{"rendered":"<p>Jueves, 11 Julio 2024 &#8211; El intendente Pablo Carrizo y el jefe de Gabinete Luis Melo acompa\u00f1aron al gobernador Claudio<\/p>\n","protected":false},"author":8,"featured_media":21122,"comment_status":"closed","ping_status":"closed","sticky":false,"template":"","format":"standard","meta":{"footnotes":""},"categories":[87],"tags":[],"class_list":["post-21119","post","type-post","status-publish","format-standard","has-post-thumbnail","hentry","category-provinciales"],"_links":{"self":[{"href":"https:\/\/ecosdelsur.com\/index.php?rest_route=\/wp\/v2\/posts\/21119","targetHints":{"allow":["GET"]}}],"collection":[{"href":"https:\/\/ecosdelsur.com\/index.php?rest_route=\/wp\/v2\/posts"}],"about":[{"href":"https:\/\/ecosdelsur.com\/index.php?rest_route=\/wp\/v2\/types\/post"}],"author":[{"embeddable":true,"href":"https:\/\/ecosdelsur.com\/index.php?rest_route=\/wp\/v2\/users\/8"}],"replies":[{"embeddable":true,"href":"https:\/\/ecosdelsur.com\/index.php?rest_route=%2Fwp%2Fv2%2Fcomments&post=21119"}],"version-history":[{"count":0,"href":"https:\/\/ecosdelsur.com\/index.php?rest_route=\/wp\/v2\/posts\/21119\/revisions"}],"wp:featuredmedia":[{"embeddable":true,"href":"https:\/\/ecosdelsur.com\/index.php?rest_route=\/wp\/v2\/media\/21122"}],"wp:attachment":[{"href":"https:\/\/ecosdelsur.com\/index.php?rest_route=%2Fwp%2Fv2%2Fmedia&parent=21119"}],"wp:term":[{"taxonomy":"category","embeddable":true,"href":"https:\/\/ecosdelsur.com\/index.php?rest_route=%2Fwp%2Fv2%2Fcategories&post=21119"},{"taxonomy":"post_tag","embeddable":true,"href":"https:\/\/ecosdelsur.com\/index.php?rest_route=%2Fwp%2Fv2%2Ftags&post=21119"}],"curies":[{"name":"wp","href":"https:\/\/api.w.org\/{rel}","templated":true}]}}