{"id":21109,"date":"2024-07-12T00:57:05","date_gmt":"2024-07-12T00:57:05","guid":{"rendered":"https:\/\/ecosdelsur.com\/?p=21109"},"modified":"2024-07-12T00:58:44","modified_gmt":"2024-07-12T00:58:44","slug":"se-rompio-el-acueducto-y-trabajan-en-su-reparacion-entre-las-estaciones-de-bombeo-cerro-negro-y-valle-hermoso","status":"publish","type":"post","link":"https:\/\/ecosdelsur.com\/?p=21109","title":{"rendered":"Se rompi\u00f3 el Acueducto y trabajan en su reparaci\u00f3n entre las Estaciones de Bombeo Cerro Negro y Valle Hermoso"},"content":{"rendered":"<div class=\"not_imagen col-xs-12 col-sm-12 col-lg-5\">\n<div class=\"itemImageBlock\"><\/div>\n<\/div>\n<div class=\"not_texto col-xs-12 col-sm-12 col-lg-7\">\n<p><strong>Comunicado de Servicios P\u00fablicos<\/strong><\/p>\n<div class=\"itemIntroText\">\n<p>La empresa provincial comunica a la comunidad de Caleta Olivia, que la Gerencia de Acueductos y Acu\u00edferos SCPL (Sociedad Cooperativa Popular Limitada) hizo saber que hoy jueves 11 julio que se produjo la rotura del Acueducto Nuevo (99), entre las Estaciones de Bombeo Cerro Negro y Valle Hermoso. <img decoding=\"async\" class=\"size-full wp-image-21110 alignleft lazyload\" data-src=\"https:\/\/ecosdelsur.com\/wp-content\/uploads\/2024\/07\/8226f08a420a20564360aaec2994ca89_L.jpg\" alt=\"\" width=\"450\" height=\"435\" data-srcset=\"https:\/\/ecosdelsur.com\/wp-content\/uploads\/2024\/07\/8226f08a420a20564360aaec2994ca89_L.jpg 450w, https:\/\/ecosdelsur.com\/wp-content\/uploads\/2024\/07\/8226f08a420a20564360aaec2994ca89_L-300x290.jpg 300w\" data-sizes=\"(max-width: 450px) 100vw, 450px\" src=\"data:image\/svg+xml;base64,PHN2ZyB3aWR0aD0iMSIgaGVpZ2h0PSIxIiB4bWxucz0iaHR0cDovL3d3dy53My5vcmcvMjAwMC9zdmciPjwvc3ZnPg==\" style=\"--smush-placeholder-width: 450px; --smush-placeholder-aspect-ratio: 450\/435;\" \/>Por tal motivo, se interrumpi\u00f3 el bombeo de agua que abastece a las ciudades de Comodoro Rivadavia, Rada Tilly y Caleta Olivia.<\/p>\n<\/div>\n<div class=\"itemFullText\">\n<p>Los\u00a0 Equipos\u00a0 Operativos de Trabajo se encuentran realizando las maniobras de desagote y posteriormente efectuar\u00e1n los trabajos de reparaci\u00f3n de la ca\u00f1er\u00eda afectada. Por el momento no hay horario de normalizaci\u00f3n del servicio.<\/p>\n<p>Se mantendr\u00e1 informada a la poblaci\u00f3n y se solicita hacer un uso racional del suministro existente.<\/p>\n<\/div>\n<\/div>\n","protected":false},"excerpt":{"rendered":"<p>Comunicado de Servicios P\u00fablicos La empresa provincial comunica a la comunidad de Caleta Olivia, que la Gerencia de Acueductos y<\/p>\n","protected":false},"author":8,"featured_media":21111,"comment_status":"closed","ping_status":"closed","sticky":false,"template":"","format":"standard","meta":{"footnotes":""},"categories":[35],"tags":[],"class_list":["post-21109","post","type-post","status-publish","format-standard","has-post-thumbnail","hentry","category-sociedad"],"_links":{"self":[{"href":"https:\/\/ecosdelsur.com\/index.php?rest_route=\/wp\/v2\/posts\/21109","targetHints":{"allow":["GET"]}}],"collection":[{"href":"https:\/\/ecosdelsur.com\/index.php?rest_route=\/wp\/v2\/posts"}],"about":[{"href":"https:\/\/ecosdelsur.com\/index.php?rest_route=\/wp\/v2\/types\/post"}],"author":[{"embeddable":true,"href":"https:\/\/ecosdelsur.com\/index.php?rest_route=\/wp\/v2\/users\/8"}],"replies":[{"embeddable":true,"href":"https:\/\/ecosdelsur.com\/index.php?rest_route=%2Fwp%2Fv2%2Fcomments&post=21109"}],"version-history":[{"count":0,"href":"https:\/\/ecosdelsur.com\/index.php?rest_route=\/wp\/v2\/posts\/21109\/revisions"}],"wp:featuredmedia":[{"embeddable":true,"href":"https:\/\/ecosdelsur.com\/index.php?rest_route=\/wp\/v2\/media\/21111"}],"wp:attachment":[{"href":"https:\/\/ecosdelsur.com\/index.php?rest_route=%2Fwp%2Fv2%2Fmedia&parent=21109"}],"wp:term":[{"taxonomy":"category","embeddable":true,"href":"https:\/\/ecosdelsur.com\/index.php?rest_route=%2Fwp%2Fv2%2Fcategories&post=21109"},{"taxonomy":"post_tag","embeddable":true,"href":"https:\/\/ecosdelsur.com\/index.php?rest_route=%2Fwp%2Fv2%2Ftags&post=21109"}],"curies":[{"name":"wp","href":"https:\/\/api.w.org\/{rel}","templated":true}]}}