{"id":21101,"date":"2024-07-11T22:35:58","date_gmt":"2024-07-11T22:35:58","guid":{"rendered":"https:\/\/ecosdelsur.com\/?p=21101"},"modified":"2024-07-11T22:35:58","modified_gmt":"2024-07-11T22:35:58","slug":"dia-de-la-tejedora-el-cim-celebrara-con-una-clase-abierta-de-tejido","status":"publish","type":"post","link":"https:\/\/ecosdelsur.com\/?p=21101","title":{"rendered":"D\u00eda de la Tejedora: el CIM celebrar\u00e1 con una clase abierta de tejido"},"content":{"rendered":"<p>El Centro Integral de la Mujer ser\u00e1 el lugar donde se celebrar\u00e1 el D\u00eda de la Tejedora. Gladys \u00dasqueda, profesora de tejido, invit\u00f3 a la comunidad a participar. El evento tendr\u00e1 lugar este viernes de 15 a 19 hs.<\/p>\n<p>\u00dasqueda indic\u00f3 a Ecos del Sur que se planific\u00f3 una jornada recreativa junto a sus alumnas y alumnos para invitar a la comunidad a participar.<\/p>\n<p>Ser\u00e1 una clase abierta de una t\u00e9cnica determinada de tejido. Para ello, los interesados deben llevar dos agujas N\u00ba4 y dos ovillos de hilo de distinto color.<\/p>\n<p>Pueden asistir aquellos que no nunca tejieron y los que est\u00e1n m\u00e1s avanzados.<\/p>\n<p>En Argentina se conmemora el Dia de la Tejedora el 13 de julio. La celebraci\u00f3n de este d\u00eda comenz\u00f3 en 2005 en Australia con la tejedora Danielle Landes. Se inici\u00f3 como una simple reuni\u00f3n de tejedoras para que puedan aprender y disfrutar cada una de las otras; actualmente se celebra en numerosos pa\u00edses, incluido el nuestro. Es un d\u00eda que re\u00fane a grupos de tejedoras en actividades colectivas de tejidos en espacios p\u00fablicos.<\/p>\n<p>Es as\u00ed que Gladys tambi\u00e9n agreg\u00f3 que habr\u00e1 un concurso que tiene que ver con el tejido y los ganadores tendr\u00e1n premios.<\/p>\n<p>El auge de la actividad<\/p>\n<p>Como se nota desde hace varias temporadas, la actividad recobr\u00f3 un importante auge en el que ya no se teje solo para la familia o para uso propio, sino que se da tambi\u00e9n como una forma de encarar nuevos microemprendimientos.<\/p>\n<p>Talleres de tejido, cursos de telar e incluso jornadas solidarias, re\u00fanen cada invierno a mujeres de todas las edades que, lana en mano, se reencuentran con una actividad que muchas veces es \u201cuna buena y productiva terapia\u201d.<\/p>\n<p>La actividad tendr\u00e1 lugar en el Centro Integral de la Mujer, ubicado en Eva Per\u00f3n 627. Para m\u00e1s informaci\u00f3n pueden comunicarse al tel\u00e9fono 4854632<\/p>\n<p>&nbsp;<\/p>\n<p>&nbsp;<\/p>\n","protected":false},"excerpt":{"rendered":"<p>El Centro Integral de la Mujer ser\u00e1 el lugar donde se celebrar\u00e1 el D\u00eda de la Tejedora. Gladys \u00dasqueda, profesora<\/p>\n","protected":false},"author":8,"featured_media":21102,"comment_status":"closed","ping_status":"closed","sticky":false,"template":"","format":"standard","meta":{"footnotes":""},"categories":[35],"tags":[60,426],"class_list":["post-21101","post","type-post","status-publish","format-standard","has-post-thumbnail","hentry","category-sociedad","tag-caleta-olivia","tag-centro-integral-de-la-mujer"],"_links":{"self":[{"href":"https:\/\/ecosdelsur.com\/index.php?rest_route=\/wp\/v2\/posts\/21101","targetHints":{"allow":["GET"]}}],"collection":[{"href":"https:\/\/ecosdelsur.com\/index.php?rest_route=\/wp\/v2\/posts"}],"about":[{"href":"https:\/\/ecosdelsur.com\/index.php?rest_route=\/wp\/v2\/types\/post"}],"author":[{"embeddable":true,"href":"https:\/\/ecosdelsur.com\/index.php?rest_route=\/wp\/v2\/users\/8"}],"replies":[{"embeddable":true,"href":"https:\/\/ecosdelsur.com\/index.php?rest_route=%2Fwp%2Fv2%2Fcomments&post=21101"}],"version-history":[{"count":0,"href":"https:\/\/ecosdelsur.com\/index.php?rest_route=\/wp\/v2\/posts\/21101\/revisions"}],"wp:featuredmedia":[{"embeddable":true,"href":"https:\/\/ecosdelsur.com\/index.php?rest_route=\/wp\/v2\/media\/21102"}],"wp:attachment":[{"href":"https:\/\/ecosdelsur.com\/index.php?rest_route=%2Fwp%2Fv2%2Fmedia&parent=21101"}],"wp:term":[{"taxonomy":"category","embeddable":true,"href":"https:\/\/ecosdelsur.com\/index.php?rest_route=%2Fwp%2Fv2%2Fcategories&post=21101"},{"taxonomy":"post_tag","embeddable":true,"href":"https:\/\/ecosdelsur.com\/index.php?rest_route=%2Fwp%2Fv2%2Ftags&post=21101"}],"curies":[{"name":"wp","href":"https:\/\/api.w.org\/{rel}","templated":true}]}}