{"id":21081,"date":"2024-07-11T04:23:12","date_gmt":"2024-07-11T04:23:12","guid":{"rendered":"https:\/\/ecosdelsur.com\/?p=21081"},"modified":"2024-07-11T04:23:12","modified_gmt":"2024-07-11T04:23:12","slug":"espectacular-cierre-del-proyecto-educativo-de-efemerides-del-jardin-n-51-mailen","status":"publish","type":"post","link":"https:\/\/ecosdelsur.com\/?p=21081","title":{"rendered":"Espectacular cierre del proyecto educativo de efem\u00e9rides del Jard\u00edn N\u00b0 51 \u201cMailen\u201d"},"content":{"rendered":"<div class=\"itemToolbar2\">\n<p><span class=\"itemDateCreated\">Mi\u00e9rcoles, 10 Julio 2024 &#8211; <\/span>Concurrida participaci\u00f3n de ni\u00f1os, familias, docentes y autoridades locales se llev\u00f3 a cabo el cierre del proyecto educativo denominado \u201cResignificando Nuestra Historia Argentina, Nuestra Identidad\u201d. La jornada se desarroll\u00f3 en el Cine de Caleta Olivia.<img decoding=\"async\" class=\"alignnone size-full wp-image-21086 lazyload\" data-src=\"https:\/\/ecosdelsur.com\/wp-content\/uploads\/2024\/07\/DSC_9217.jpg\" alt=\"\" width=\"1024\" height=\"587\" data-srcset=\"https:\/\/ecosdelsur.com\/wp-content\/uploads\/2024\/07\/DSC_9217.jpg 1024w, https:\/\/ecosdelsur.com\/wp-content\/uploads\/2024\/07\/DSC_9217-300x172.jpg 300w, https:\/\/ecosdelsur.com\/wp-content\/uploads\/2024\/07\/DSC_9217-768x440.jpg 768w\" data-sizes=\"(max-width: 1024px) 100vw, 1024px\" src=\"data:image\/svg+xml;base64,PHN2ZyB3aWR0aD0iMSIgaGVpZ2h0PSIxIiB4bWxucz0iaHR0cDovL3d3dy53My5vcmcvMjAwMC9zdmciPjwvc3ZnPg==\" style=\"--smush-placeholder-width: 1024px; --smush-placeholder-aspect-ratio: 1024\/587;\" \/><\/p>\n<\/div>\n<p>En cuanto al contenido del trabajo en la instituci\u00f3n se relacion\u00f3 con los relatos contados por el historiador Felipe Pigna en \u201cAlgo Habr\u00e1n Hecho\u201d y en escena los peque\u00f1os desarrollaron los acontecimientos sucedidos en las tres fechas patrias de m\u00e1s significancia del pa\u00eds como el 25 de Mayo, el 20 de Junio y el 9 de Julio.<img decoding=\"async\" class=\"alignnone size-full wp-image-21083 lazyload\" data-src=\"https:\/\/ecosdelsur.com\/wp-content\/uploads\/2024\/07\/DSC_9185.jpg\" alt=\"\" width=\"1024\" height=\"598\" data-srcset=\"https:\/\/ecosdelsur.com\/wp-content\/uploads\/2024\/07\/DSC_9185.jpg 1024w, https:\/\/ecosdelsur.com\/wp-content\/uploads\/2024\/07\/DSC_9185-300x175.jpg 300w, https:\/\/ecosdelsur.com\/wp-content\/uploads\/2024\/07\/DSC_9185-768x449.jpg 768w\" data-sizes=\"(max-width: 1024px) 100vw, 1024px\" src=\"data:image\/svg+xml;base64,PHN2ZyB3aWR0aD0iMSIgaGVpZ2h0PSIxIiB4bWxucz0iaHR0cDovL3d3dy53My5vcmcvMjAwMC9zdmciPjwvc3ZnPg==\" style=\"--smush-placeholder-width: 1024px; --smush-placeholder-aspect-ratio: 1024\/598;\" \/><\/p>\n<p>En este contexto, Luj\u00e1n Rivera, directora del Jard\u00edn N\u00b0 51 Mailen explic\u00f3 que esta actividad surgi\u00f3 de la evaluaci\u00f3n en trabajos anteriores como el que efectuaron el a\u00f1o pasado con la historia de Caleta Olivia.<img decoding=\"async\" class=\"alignnone size-full wp-image-21088 lazyload\" data-src=\"https:\/\/ecosdelsur.com\/wp-content\/uploads\/2024\/07\/DSC_9276.jpg\" alt=\"\" width=\"1024\" height=\"607\" data-srcset=\"https:\/\/ecosdelsur.com\/wp-content\/uploads\/2024\/07\/DSC_9276.jpg 1024w, https:\/\/ecosdelsur.com\/wp-content\/uploads\/2024\/07\/DSC_9276-300x178.jpg 300w, https:\/\/ecosdelsur.com\/wp-content\/uploads\/2024\/07\/DSC_9276-768x455.jpg 768w\" data-sizes=\"(max-width: 1024px) 100vw, 1024px\" src=\"data:image\/svg+xml;base64,PHN2ZyB3aWR0aD0iMSIgaGVpZ2h0PSIxIiB4bWxucz0iaHR0cDovL3d3dy53My5vcmcvMjAwMC9zdmciPjwvc3ZnPg==\" style=\"--smush-placeholder-width: 1024px; --smush-placeholder-aspect-ratio: 1024\/607;\" \/><\/p>\n<p>\u201cBas\u00e1ndonos en eso se fue trabajando durante todo el a\u00f1o hasta que hace el cierre y hoy ac\u00e1 trajimos nuevas propuestas y curiosidades dentro de nuestras efem\u00e9rides. La verdad que el esfuerzo de las familias tambi\u00e9n fue muy importante, as\u00ed que desde ya les agradecemos el acompa\u00f1amiento\u201d, expres\u00f3<img decoding=\"async\" class=\"alignnone size-full wp-image-21082 lazyload\" data-src=\"https:\/\/ecosdelsur.com\/wp-content\/uploads\/2024\/07\/DSC_9182.jpg\" alt=\"\" width=\"1024\" height=\"683\" data-srcset=\"https:\/\/ecosdelsur.com\/wp-content\/uploads\/2024\/07\/DSC_9182.jpg 1024w, https:\/\/ecosdelsur.com\/wp-content\/uploads\/2024\/07\/DSC_9182-300x200.jpg 300w, https:\/\/ecosdelsur.com\/wp-content\/uploads\/2024\/07\/DSC_9182-768x512.jpg 768w\" data-sizes=\"(max-width: 1024px) 100vw, 1024px\" src=\"data:image\/svg+xml;base64,PHN2ZyB3aWR0aD0iMSIgaGVpZ2h0PSIxIiB4bWxucz0iaHR0cDovL3d3dy53My5vcmcvMjAwMC9zdmciPjwvc3ZnPg==\" style=\"--smush-placeholder-width: 1024px; --smush-placeholder-aspect-ratio: 1024\/683;\" \/><\/p>\n<p>Asimismo, mencion\u00f3 que participan todos los ni\u00f1os\/as tanto del turno tarde como el de la ma\u00f1ana.<img decoding=\"async\" class=\"alignnone size-full wp-image-21095 lazyload\" data-src=\"https:\/\/ecosdelsur.com\/wp-content\/uploads\/2024\/07\/DSC_9369.jpg\" alt=\"\" width=\"1024\" height=\"596\" data-srcset=\"https:\/\/ecosdelsur.com\/wp-content\/uploads\/2024\/07\/DSC_9369.jpg 1024w, https:\/\/ecosdelsur.com\/wp-content\/uploads\/2024\/07\/DSC_9369-300x175.jpg 300w, https:\/\/ecosdelsur.com\/wp-content\/uploads\/2024\/07\/DSC_9369-768x447.jpg 768w\" data-sizes=\"(max-width: 1024px) 100vw, 1024px\" src=\"data:image\/svg+xml;base64,PHN2ZyB3aWR0aD0iMSIgaGVpZ2h0PSIxIiB4bWxucz0iaHR0cDovL3d3dy53My5vcmcvMjAwMC9zdmciPjwvc3ZnPg==\" style=\"--smush-placeholder-width: 1024px; --smush-placeholder-aspect-ratio: 1024\/596;\" \/><\/p>\n<p>\u201cEs una gran puesta en escena y creo que es relevante tener en cuenta que las efem\u00e9rides son parte de nuestra historia y que gracias a los pr\u00f3ceres, tanto hombres como mujeres, hoy podemos manifestar que somos libres para decir viva la Patria desde un sentido de libertad, pertenencia e independencia\u201d, culmin\u00f3.<img decoding=\"async\" class=\"alignnone size-full wp-image-21092 lazyload\" data-src=\"https:\/\/ecosdelsur.com\/wp-content\/uploads\/2024\/07\/DSC_9351.jpg\" alt=\"\" width=\"1024\" height=\"609\" data-srcset=\"https:\/\/ecosdelsur.com\/wp-content\/uploads\/2024\/07\/DSC_9351.jpg 1024w, https:\/\/ecosdelsur.com\/wp-content\/uploads\/2024\/07\/DSC_9351-300x178.jpg 300w, https:\/\/ecosdelsur.com\/wp-content\/uploads\/2024\/07\/DSC_9351-768x457.jpg 768w\" data-sizes=\"(max-width: 1024px) 100vw, 1024px\" src=\"data:image\/svg+xml;base64,PHN2ZyB3aWR0aD0iMSIgaGVpZ2h0PSIxIiB4bWxucz0iaHR0cDovL3d3dy53My5vcmcvMjAwMC9zdmciPjwvc3ZnPg==\" style=\"--smush-placeholder-width: 1024px; --smush-placeholder-aspect-ratio: 1024\/609;\" \/><\/p>\n<p>Estuvieron presentes el intendente, Pablo Carrizo; el jefe de Gabinete, Luis Melo; la subsecretaria de Cultura, Dana Moreno; miembros del Honorable Concejo Deliberante, entre otros funcionarios.<\/p>\n","protected":false},"excerpt":{"rendered":"<p>Mi\u00e9rcoles, 10 Julio 2024 &#8211; Concurrida participaci\u00f3n de ni\u00f1os, familias, docentes y autoridades locales se llev\u00f3 a cabo el cierre<\/p>\n","protected":false},"author":8,"featured_media":21093,"comment_status":"closed","ping_status":"closed","sticky":false,"template":"","format":"standard","meta":{"footnotes":""},"categories":[38],"tags":[],"class_list":["post-21081","post","type-post","status-publish","format-standard","has-post-thumbnail","hentry","category-espectaculos"],"_links":{"self":[{"href":"https:\/\/ecosdelsur.com\/index.php?rest_route=\/wp\/v2\/posts\/21081","targetHints":{"allow":["GET"]}}],"collection":[{"href":"https:\/\/ecosdelsur.com\/index.php?rest_route=\/wp\/v2\/posts"}],"about":[{"href":"https:\/\/ecosdelsur.com\/index.php?rest_route=\/wp\/v2\/types\/post"}],"author":[{"embeddable":true,"href":"https:\/\/ecosdelsur.com\/index.php?rest_route=\/wp\/v2\/users\/8"}],"replies":[{"embeddable":true,"href":"https:\/\/ecosdelsur.com\/index.php?rest_route=%2Fwp%2Fv2%2Fcomments&post=21081"}],"version-history":[{"count":0,"href":"https:\/\/ecosdelsur.com\/index.php?rest_route=\/wp\/v2\/posts\/21081\/revisions"}],"wp:featuredmedia":[{"embeddable":true,"href":"https:\/\/ecosdelsur.com\/index.php?rest_route=\/wp\/v2\/media\/21093"}],"wp:attachment":[{"href":"https:\/\/ecosdelsur.com\/index.php?rest_route=%2Fwp%2Fv2%2Fmedia&parent=21081"}],"wp:term":[{"taxonomy":"category","embeddable":true,"href":"https:\/\/ecosdelsur.com\/index.php?rest_route=%2Fwp%2Fv2%2Fcategories&post=21081"},{"taxonomy":"post_tag","embeddable":true,"href":"https:\/\/ecosdelsur.com\/index.php?rest_route=%2Fwp%2Fv2%2Ftags&post=21081"}],"curies":[{"name":"wp","href":"https:\/\/api.w.org\/{rel}","templated":true}]}}