{"id":21068,"date":"2024-07-11T03:54:12","date_gmt":"2024-07-11T03:54:12","guid":{"rendered":"https:\/\/ecosdelsur.com\/?p=21068"},"modified":"2024-07-11T03:54:12","modified_gmt":"2024-07-11T03:54:12","slug":"las-coplas-catamarquenas-presentes-en-la-celebracion-de-la-independencia","status":"publish","type":"post","link":"https:\/\/ecosdelsur.com\/?p=21068","title":{"rendered":"Las coplas catamarque\u00f1as presentes en la celebraci\u00f3n de la independencia"},"content":{"rendered":"<div class=\"itemToolbar2\">\n<p><span class=\"itemDateCreated\">Mi\u00e9rcoles, 10 Julio 2024 &#8211; <\/span>En el marco de las celebraciones del D\u00eda de la Independencia, el Complejo Deportivo Municipal fue testigo de un emotivo y memorable momento cuando Don Ram\u00f3n Quipildor, un coplero oriundo de Santa Mar\u00eda, Catamarca, se present\u00f3 ante una multitud que lo ovacion\u00f3 por su talento.<img decoding=\"async\" class=\"alignnone size-full wp-image-21069 lazyload\" data-src=\"https:\/\/ecosdelsur.com\/wp-content\/uploads\/2024\/07\/DSC_8748.jpg\" alt=\"\" width=\"1024\" height=\"683\" data-srcset=\"https:\/\/ecosdelsur.com\/wp-content\/uploads\/2024\/07\/DSC_8748.jpg 1024w, https:\/\/ecosdelsur.com\/wp-content\/uploads\/2024\/07\/DSC_8748-300x200.jpg 300w, https:\/\/ecosdelsur.com\/wp-content\/uploads\/2024\/07\/DSC_8748-768x512.jpg 768w\" data-sizes=\"(max-width: 1024px) 100vw, 1024px\" src=\"data:image\/svg+xml;base64,PHN2ZyB3aWR0aD0iMSIgaGVpZ2h0PSIxIiB4bWxucz0iaHR0cDovL3d3dy53My5vcmcvMjAwMC9zdmciPjwvc3ZnPg==\" style=\"--smush-placeholder-width: 1024px; --smush-placeholder-aspect-ratio: 1024\/683;\" \/><\/p>\n<\/div>\n<p>Don Ram\u00f3n, quien reside en Caleta Olivia desde 1964, agradeci\u00f3 profundamente la oportunidad brindada por el intendente Pablo Carrizo para participar en este evento tan importante. \u00abNo pensaba nunca tener esta oportunidad tan buena ante tant\u00edsima gente\u00bb, expres\u00f3 emocionado, a\u00f1adiendo su gratitud a Dios por a\u00fan poder caminar a su avanzada edad.<img decoding=\"async\" class=\"alignnone size-full wp-image-21071 lazyload\" data-src=\"https:\/\/ecosdelsur.com\/wp-content\/uploads\/2024\/07\/DSC_8756.jpg\" alt=\"\" width=\"1024\" height=\"621\" data-srcset=\"https:\/\/ecosdelsur.com\/wp-content\/uploads\/2024\/07\/DSC_8756.jpg 1024w, https:\/\/ecosdelsur.com\/wp-content\/uploads\/2024\/07\/DSC_8756-300x182.jpg 300w, https:\/\/ecosdelsur.com\/wp-content\/uploads\/2024\/07\/DSC_8756-768x466.jpg 768w\" data-sizes=\"(max-width: 1024px) 100vw, 1024px\" src=\"data:image\/svg+xml;base64,PHN2ZyB3aWR0aD0iMSIgaGVpZ2h0PSIxIiB4bWxucz0iaHR0cDovL3d3dy53My5vcmcvMjAwMC9zdmciPjwvc3ZnPg==\" style=\"--smush-placeholder-width: 1024px; --smush-placeholder-aspect-ratio: 1024\/621;\" \/><\/p>\n<p>Quipildor, quien lleg\u00f3 a nuestra ciudad en busca de trabajo, record\u00f3 con nostalgia su tierra natal. A pesar de la dificultad de dejar su pago, encontr\u00f3 en Caleta Olivia un lugar donde pudo forjar una nueva vida junto a otros paisanos. En este marco fue que junto a otros catamarque\u00f1os fundaron la Comisi\u00f3n de Residentes Santamarianos, un esfuerzo colectivo para mantener vivas las tradiciones de su lugar de origen.<img decoding=\"async\" class=\"alignnone size-full wp-image-21072 lazyload\" data-src=\"https:\/\/ecosdelsur.com\/wp-content\/uploads\/2024\/07\/DSC_8902.jpg\" alt=\"\" width=\"1024\" height=\"700\" data-srcset=\"https:\/\/ecosdelsur.com\/wp-content\/uploads\/2024\/07\/DSC_8902.jpg 1024w, https:\/\/ecosdelsur.com\/wp-content\/uploads\/2024\/07\/DSC_8902-300x205.jpg 300w, https:\/\/ecosdelsur.com\/wp-content\/uploads\/2024\/07\/DSC_8902-768x525.jpg 768w, https:\/\/ecosdelsur.com\/wp-content\/uploads\/2024\/07\/DSC_8902-130x90.jpg 130w\" data-sizes=\"(max-width: 1024px) 100vw, 1024px\" src=\"data:image\/svg+xml;base64,PHN2ZyB3aWR0aD0iMSIgaGVpZ2h0PSIxIiB4bWxucz0iaHR0cDovL3d3dy53My5vcmcvMjAwMC9zdmciPjwvc3ZnPg==\" style=\"--smush-placeholder-width: 1024px; --smush-placeholder-aspect-ratio: 1024\/700;\" \/><\/p>\n<p>Este centenario pionero caletense, cont\u00f3 que el arte de las coplas fue heredado por su padre, tambi\u00e9n coplero, quien le transmiti\u00f3 el amor por la poes\u00eda popular. Esta tradici\u00f3n familiar ha sido una constante en su vida, y a sus 97 a\u00f1os, Don Ram\u00f3n contin\u00faa compartiendo su talento, emocionando a quienes tienen la fortuna de escucharlo. La copla, que nace del alma y se expresa con el coraz\u00f3n, es para \u00e9l una forma de vida y un legado que desea mantener vivo.<\/p>\n<p>Don Ram\u00f3n al momento del cierre de esta entrevista nos comparti\u00f3 su arte, recordando una copla que su padre sol\u00eda recitar a su madre:<\/p>\n<p>\u00abPaulita en esta noche serena,<\/p>\n<p>que no se siente ni un ruido,<\/p>\n<p>tus recuerdos me han tra\u00eddo a cantarte dulces prendas,<\/p>\n<p>te pido que no te ofendas me encantadora Azucena,<\/p>\n<p>con la m\u00e1s fina intenci\u00f3n,<\/p>\n<p>sin falsedad ninguna,<\/p>\n<p>te declaro con la pluma lo que siente el coraz\u00f3n.<\/p>\n<p>Leales mis palabras son,<\/p>\n<p>porque desde el alma han nacido,<\/p>\n<p>yo no s\u00e9 c\u00f3mo he podido tanto cari\u00f1o tener,<\/p>\n<p>pero hoy quiero saber,<\/p>\n<p>si ser\u00e9 correspondido.\u00bb<\/p>\n","protected":false},"excerpt":{"rendered":"<p>Mi\u00e9rcoles, 10 Julio 2024 &#8211; En el marco de las celebraciones del D\u00eda de la Independencia, el Complejo Deportivo Municipal<\/p>\n","protected":false},"author":8,"featured_media":21073,"comment_status":"closed","ping_status":"closed","sticky":false,"template":"","format":"standard","meta":{"footnotes":""},"categories":[38],"tags":[],"class_list":["post-21068","post","type-post","status-publish","format-standard","has-post-thumbnail","hentry","category-espectaculos"],"_links":{"self":[{"href":"https:\/\/ecosdelsur.com\/index.php?rest_route=\/wp\/v2\/posts\/21068","targetHints":{"allow":["GET"]}}],"collection":[{"href":"https:\/\/ecosdelsur.com\/index.php?rest_route=\/wp\/v2\/posts"}],"about":[{"href":"https:\/\/ecosdelsur.com\/index.php?rest_route=\/wp\/v2\/types\/post"}],"author":[{"embeddable":true,"href":"https:\/\/ecosdelsur.com\/index.php?rest_route=\/wp\/v2\/users\/8"}],"replies":[{"embeddable":true,"href":"https:\/\/ecosdelsur.com\/index.php?rest_route=%2Fwp%2Fv2%2Fcomments&post=21068"}],"version-history":[{"count":0,"href":"https:\/\/ecosdelsur.com\/index.php?rest_route=\/wp\/v2\/posts\/21068\/revisions"}],"wp:featuredmedia":[{"embeddable":true,"href":"https:\/\/ecosdelsur.com\/index.php?rest_route=\/wp\/v2\/media\/21073"}],"wp:attachment":[{"href":"https:\/\/ecosdelsur.com\/index.php?rest_route=%2Fwp%2Fv2%2Fmedia&parent=21068"}],"wp:term":[{"taxonomy":"category","embeddable":true,"href":"https:\/\/ecosdelsur.com\/index.php?rest_route=%2Fwp%2Fv2%2Fcategories&post=21068"},{"taxonomy":"post_tag","embeddable":true,"href":"https:\/\/ecosdelsur.com\/index.php?rest_route=%2Fwp%2Fv2%2Ftags&post=21068"}],"curies":[{"name":"wp","href":"https:\/\/api.w.org\/{rel}","templated":true}]}}