{"id":21051,"date":"2024-07-10T18:18:27","date_gmt":"2024-07-10T18:18:27","guid":{"rendered":"https:\/\/ecosdelsur.com\/?p=21051"},"modified":"2024-07-11T03:59:03","modified_gmt":"2024-07-11T03:59:03","slug":"hospital-de-puerto-deseado-inaugurara-una-sala-de-oncologia","status":"publish","type":"post","link":"https:\/\/ecosdelsur.com\/?p=21051","title":{"rendered":"Hospital de Puerto Deseado inaugurar\u00e1 una Sala de Oncolog\u00eda"},"content":{"rendered":"<p>A trav\u00e9s del grupo Oncol\u00f3gico Deseadenses \u201cSanar en Casa\u201d se logr\u00f3 poder instalar una sala de tratamiento oncol\u00f3gico en el Hospital de la ciudad portuaria. All\u00ed asistir\u00e1 la m\u00e9dica onc\u00f3loga de Caleta Olivia, Griselda Bosso.<img decoding=\"async\" class=\"alignnone size-full wp-image-21076 lazyload\" data-src=\"https:\/\/ecosdelsur.com\/wp-content\/uploads\/2024\/07\/DSC_7520.jpg\" alt=\"\" width=\"1024\" height=\"634\" data-srcset=\"https:\/\/ecosdelsur.com\/wp-content\/uploads\/2024\/07\/DSC_7520.jpg 1024w, https:\/\/ecosdelsur.com\/wp-content\/uploads\/2024\/07\/DSC_7520-300x186.jpg 300w, https:\/\/ecosdelsur.com\/wp-content\/uploads\/2024\/07\/DSC_7520-768x476.jpg 768w\" data-sizes=\"(max-width: 1024px) 100vw, 1024px\" src=\"data:image\/svg+xml;base64,PHN2ZyB3aWR0aD0iMSIgaGVpZ2h0PSIxIiB4bWxucz0iaHR0cDovL3d3dy53My5vcmcvMjAwMC9zdmciPjwvc3ZnPg==\" style=\"--smush-placeholder-width: 1024px; --smush-placeholder-aspect-ratio: 1024\/634;\" \/><\/p>\n<p>Patricia Naves, en di\u00e1logo con Ecos del Sur manifest\u00f3 la importancia de esta inauguraci\u00f3n dado que los pacientes de Deseado deben viajar hasta Caleta Olivia para la realizaci\u00f3n de sus tratamientos de quimioterapia por ejemplo.<img decoding=\"async\" class=\"alignnone size-full wp-image-21075 lazyload\" data-src=\"https:\/\/ecosdelsur.com\/wp-content\/uploads\/2024\/07\/DSC_7513.jpg\" alt=\"\" width=\"1024\" height=\"604\" data-srcset=\"https:\/\/ecosdelsur.com\/wp-content\/uploads\/2024\/07\/DSC_7513.jpg 1024w, https:\/\/ecosdelsur.com\/wp-content\/uploads\/2024\/07\/DSC_7513-300x177.jpg 300w, https:\/\/ecosdelsur.com\/wp-content\/uploads\/2024\/07\/DSC_7513-768x453.jpg 768w\" data-sizes=\"(max-width: 1024px) 100vw, 1024px\" src=\"data:image\/svg+xml;base64,PHN2ZyB3aWR0aD0iMSIgaGVpZ2h0PSIxIiB4bWxucz0iaHR0cDovL3d3dy53My5vcmcvMjAwMC9zdmciPjwvc3ZnPg==\" style=\"--smush-placeholder-width: 1024px; --smush-placeholder-aspect-ratio: 1024\/604;\" \/><\/p>\n<p>Seg\u00fan indic\u00f3 la habilitaci\u00f3n ser\u00eda para el mes de agosto y destac\u00f3 que es una iniciativa del grupo Oncol\u00f3gico Deseadenses que es para todos.<\/p>\n<p>Agradeci\u00f3 el apoyo de las autoridades de la localidad y tambi\u00e9n el acceso que brind\u00f3 la Dra. Bosso para poder viajar a Puerto Deseado y atender a los pacientes de la zona.<\/p>\n<p>Para mayor informaci\u00f3n, pueden seguir al grupo a trav\u00e9s de Facebook: Oncol\u00f3gicos Deseadenses Sanar en Casa.<\/p>\n","protected":false},"excerpt":{"rendered":"<p>A trav\u00e9s del grupo Oncol\u00f3gico Deseadenses \u201cSanar en Casa\u201d se logr\u00f3 poder instalar una sala de tratamiento oncol\u00f3gico en el<\/p>\n","protected":false},"author":8,"featured_media":21077,"comment_status":"closed","ping_status":"closed","sticky":false,"template":"","format":"standard","meta":{"footnotes":""},"categories":[37,87],"tags":[143],"class_list":["post-21051","post","type-post","status-publish","format-standard","has-post-thumbnail","hentry","category-deportes","category-provinciales","tag-puerto-deseado"],"_links":{"self":[{"href":"https:\/\/ecosdelsur.com\/index.php?rest_route=\/wp\/v2\/posts\/21051","targetHints":{"allow":["GET"]}}],"collection":[{"href":"https:\/\/ecosdelsur.com\/index.php?rest_route=\/wp\/v2\/posts"}],"about":[{"href":"https:\/\/ecosdelsur.com\/index.php?rest_route=\/wp\/v2\/types\/post"}],"author":[{"embeddable":true,"href":"https:\/\/ecosdelsur.com\/index.php?rest_route=\/wp\/v2\/users\/8"}],"replies":[{"embeddable":true,"href":"https:\/\/ecosdelsur.com\/index.php?rest_route=%2Fwp%2Fv2%2Fcomments&post=21051"}],"version-history":[{"count":0,"href":"https:\/\/ecosdelsur.com\/index.php?rest_route=\/wp\/v2\/posts\/21051\/revisions"}],"wp:featuredmedia":[{"embeddable":true,"href":"https:\/\/ecosdelsur.com\/index.php?rest_route=\/wp\/v2\/media\/21077"}],"wp:attachment":[{"href":"https:\/\/ecosdelsur.com\/index.php?rest_route=%2Fwp%2Fv2%2Fmedia&parent=21051"}],"wp:term":[{"taxonomy":"category","embeddable":true,"href":"https:\/\/ecosdelsur.com\/index.php?rest_route=%2Fwp%2Fv2%2Fcategories&post=21051"},{"taxonomy":"post_tag","embeddable":true,"href":"https:\/\/ecosdelsur.com\/index.php?rest_route=%2Fwp%2Fv2%2Ftags&post=21051"}],"curies":[{"name":"wp","href":"https:\/\/api.w.org\/{rel}","templated":true}]}}