{"id":21048,"date":"2024-07-10T18:31:41","date_gmt":"2024-07-10T18:31:41","guid":{"rendered":"https:\/\/ecosdelsur.com\/?p=21048"},"modified":"2024-07-10T18:37:30","modified_gmt":"2024-07-10T18:37:30","slug":"la-biblioteca-municipal-realizo-una-jornada-educativa-celebrando-el-dia-de-la-independencia","status":"publish","type":"post","link":"https:\/\/ecosdelsur.com\/?p=21048","title":{"rendered":"La Biblioteca Municipal realiz\u00f3 una jornada educativa celebrando el D\u00eda de la Independencia"},"content":{"rendered":"<p>La propuesta tuvo como objetivo fomentar el conocimiento de nuestra historia en los m\u00e1s peque\u00f1os y cont\u00f3 con la entusiasta participaci\u00f3n de alumnos de 4\u00b0 grado de la Escuela Primaria Provincial N\u00b0 14. Por la tarde se replicar\u00e1 en otras cuatro instituciones educativas.<img decoding=\"async\" class=\"alignnone size-full wp-image-21050 lazyload\" data-src=\"https:\/\/ecosdelsur.com\/wp-content\/uploads\/2024\/07\/WhatsApp-Image-2024-07-10-at-1.35.05-PM-1024x576-1.jpeg\" alt=\"\" width=\"1024\" height=\"576\" data-srcset=\"https:\/\/ecosdelsur.com\/wp-content\/uploads\/2024\/07\/WhatsApp-Image-2024-07-10-at-1.35.05-PM-1024x576-1.jpeg 1024w, https:\/\/ecosdelsur.com\/wp-content\/uploads\/2024\/07\/WhatsApp-Image-2024-07-10-at-1.35.05-PM-1024x576-1-300x169.jpeg 300w, https:\/\/ecosdelsur.com\/wp-content\/uploads\/2024\/07\/WhatsApp-Image-2024-07-10-at-1.35.05-PM-1024x576-1-768x432.jpeg 768w\" data-sizes=\"(max-width: 1024px) 100vw, 1024px\" src=\"data:image\/svg+xml;base64,PHN2ZyB3aWR0aD0iMSIgaGVpZ2h0PSIxIiB4bWxucz0iaHR0cDovL3d3dy53My5vcmcvMjAwMC9zdmciPjwvc3ZnPg==\" style=\"--smush-placeholder-width: 1024px; --smush-placeholder-aspect-ratio: 1024\/576;\" \/><\/p>\n<p>En este contexto, Estefany Grabano, directora de la biblioteca popular \u201cMariano Moreno\u201d, comparti\u00f3 detalles sobre la iniciativa que tuvo lugar en la ma\u00f1ana de este mi\u00e9rcoles y destac\u00f3 que se trat\u00f3 de una clase sumamente interactiva donde tambi\u00e9n los docentes participaron y sumaron su conocimiento.<\/p>\n<p>\u201cHemos trabajado con los manuales escolares Estrada y Santillana de 4\u00b0, planificando y desarrollando un plan de acci\u00f3n donde los chicos puedan aprender los contenidos y revalorizar este d\u00eda tan significativo como nuestro sentir nacional\u201d, sostuvo.<\/p>\n<p>Asimismo, resalt\u00f3 la participaci\u00f3n de los estudiantes, \u201clos chicos est\u00e1n a entera disposici\u00f3n, han interactuado y contribuido much\u00edsimo para que la clase sea enriquecedora y din\u00e1mica para todos\u201d, expres\u00f3.<\/p>\n<p>De esta manera, la Municipalidad de Caleta Olivia, a trav\u00e9s de la biblioteca \u201cMariano Moreno\u201d como centro de aprendizaje, contin\u00faa promoviendo acciones tendientes a acercar la historia y la cultura a nuestros j\u00f3venes.<\/p>\n","protected":false},"excerpt":{"rendered":"<p>La propuesta tuvo como objetivo fomentar el conocimiento de nuestra historia en los m\u00e1s peque\u00f1os y cont\u00f3 con la entusiasta<\/p>\n","protected":false},"author":8,"featured_media":21049,"comment_status":"closed","ping_status":"closed","sticky":false,"template":"","format":"standard","meta":{"footnotes":""},"categories":[35],"tags":[],"class_list":["post-21048","post","type-post","status-publish","format-standard","has-post-thumbnail","hentry","category-sociedad"],"_links":{"self":[{"href":"https:\/\/ecosdelsur.com\/index.php?rest_route=\/wp\/v2\/posts\/21048","targetHints":{"allow":["GET"]}}],"collection":[{"href":"https:\/\/ecosdelsur.com\/index.php?rest_route=\/wp\/v2\/posts"}],"about":[{"href":"https:\/\/ecosdelsur.com\/index.php?rest_route=\/wp\/v2\/types\/post"}],"author":[{"embeddable":true,"href":"https:\/\/ecosdelsur.com\/index.php?rest_route=\/wp\/v2\/users\/8"}],"replies":[{"embeddable":true,"href":"https:\/\/ecosdelsur.com\/index.php?rest_route=%2Fwp%2Fv2%2Fcomments&post=21048"}],"version-history":[{"count":0,"href":"https:\/\/ecosdelsur.com\/index.php?rest_route=\/wp\/v2\/posts\/21048\/revisions"}],"wp:featuredmedia":[{"embeddable":true,"href":"https:\/\/ecosdelsur.com\/index.php?rest_route=\/wp\/v2\/media\/21049"}],"wp:attachment":[{"href":"https:\/\/ecosdelsur.com\/index.php?rest_route=%2Fwp%2Fv2%2Fmedia&parent=21048"}],"wp:term":[{"taxonomy":"category","embeddable":true,"href":"https:\/\/ecosdelsur.com\/index.php?rest_route=%2Fwp%2Fv2%2Fcategories&post=21048"},{"taxonomy":"post_tag","embeddable":true,"href":"https:\/\/ecosdelsur.com\/index.php?rest_route=%2Fwp%2Fv2%2Ftags&post=21048"}],"curies":[{"name":"wp","href":"https:\/\/api.w.org\/{rel}","templated":true}]}}