{"id":21045,"date":"2024-07-10T18:06:11","date_gmt":"2024-07-10T18:06:11","guid":{"rendered":"https:\/\/ecosdelsur.com\/?p=21045"},"modified":"2024-07-10T18:06:11","modified_gmt":"2024-07-10T18:06:11","slug":"la-senadora-natalia-gadano-formo-parte-del-desfile-patrio-organizado-por-escuelas-de-caleta-olivia","status":"publish","type":"post","link":"https:\/\/ecosdelsur.com\/?p=21045","title":{"rendered":"La senadora Natalia Gadano form\u00f3 parte del desfile patrio organizado por escuelas de Caleta Olivia"},"content":{"rendered":"<p>El martes, en el marco de la conmemoraci\u00f3n del 9 de julio, D\u00eda de la Independencia Argentina se realiz\u00f3 un acto en el barrio 2 de Abril. All\u00ed entre otras autoridades, junto al intendente Pablo Carrizo estuvo presente la senadora nacional Natalia Gadano.<\/p>\n<p>En este marco se realiz\u00f3 un desfile patrio que fue organizado por autoridades del complejo educativo del barrio 2 de Abril: Colegio Secundario N\u00b06, Escuela P\u00fablica Provincial N\u00b057 y Jard\u00edn de Infantes N\u00b042.<\/p>\n<p>Al respecto, al ser consultada por los medios de comunicaci\u00f3n presentes, la senadora Gadano manifest\u00f3 que es \u201cmuy importante que los chicos conmemoren las fechas patrias, y es fundamental que en los espacios educativos vuelvan a instalarse los valores por los s\u00edmbolos y fechas patrias\u201d.<\/p>\n","protected":false},"excerpt":{"rendered":"<p>El martes, en el marco de la conmemoraci\u00f3n del 9 de julio, D\u00eda de la Independencia Argentina se realiz\u00f3 un<\/p>\n","protected":false},"author":8,"featured_media":21046,"comment_status":"closed","ping_status":"closed","sticky":false,"template":"","format":"standard","meta":{"footnotes":""},"categories":[35],"tags":[60,71],"class_list":["post-21045","post","type-post","status-publish","format-standard","has-post-thumbnail","hentry","category-sociedad","tag-caleta-olivia","tag-educacion"],"_links":{"self":[{"href":"https:\/\/ecosdelsur.com\/index.php?rest_route=\/wp\/v2\/posts\/21045","targetHints":{"allow":["GET"]}}],"collection":[{"href":"https:\/\/ecosdelsur.com\/index.php?rest_route=\/wp\/v2\/posts"}],"about":[{"href":"https:\/\/ecosdelsur.com\/index.php?rest_route=\/wp\/v2\/types\/post"}],"author":[{"embeddable":true,"href":"https:\/\/ecosdelsur.com\/index.php?rest_route=\/wp\/v2\/users\/8"}],"replies":[{"embeddable":true,"href":"https:\/\/ecosdelsur.com\/index.php?rest_route=%2Fwp%2Fv2%2Fcomments&post=21045"}],"version-history":[{"count":0,"href":"https:\/\/ecosdelsur.com\/index.php?rest_route=\/wp\/v2\/posts\/21045\/revisions"}],"wp:featuredmedia":[{"embeddable":true,"href":"https:\/\/ecosdelsur.com\/index.php?rest_route=\/wp\/v2\/media\/21046"}],"wp:attachment":[{"href":"https:\/\/ecosdelsur.com\/index.php?rest_route=%2Fwp%2Fv2%2Fmedia&parent=21045"}],"wp:term":[{"taxonomy":"category","embeddable":true,"href":"https:\/\/ecosdelsur.com\/index.php?rest_route=%2Fwp%2Fv2%2Fcategories&post=21045"},{"taxonomy":"post_tag","embeddable":true,"href":"https:\/\/ecosdelsur.com\/index.php?rest_route=%2Fwp%2Fv2%2Ftags&post=21045"}],"curies":[{"name":"wp","href":"https:\/\/api.w.org\/{rel}","templated":true}]}}