{"id":21042,"date":"2024-07-10T17:59:18","date_gmt":"2024-07-10T17:59:18","guid":{"rendered":"https:\/\/ecosdelsur.com\/?p=21042"},"modified":"2024-07-10T17:59:18","modified_gmt":"2024-07-10T17:59:18","slug":"martin-ulacia-presento-su-libro-no-fue-no-una-cronica-del-chubutazo","status":"publish","type":"post","link":"https:\/\/ecosdelsur.com\/?p=21042","title":{"rendered":"Martin Ulacia present\u00f3 su libro \u201cNo fue no. Una cr\u00f3nica del Chubutazo\u201d"},"content":{"rendered":"<p>El periodista chubutense realiz\u00f3 la presentaci\u00f3n de su libro en Caleta Olivia. \u201cNo fue no. Una cr\u00f3nica del Chubutazo\u201d cuenta la historia de una pueblada contra la megaminer\u00eda.<\/p>\n<p>Ulacia coment\u00f3 que este libro lo present\u00f3 en varios lados pero nunca lo hab\u00eda hecho en Caleta Olivia, una localidad muy cercana con Comodoro Rivadavia, por su actividad econ\u00f3mica e idiosincrasia.<\/p>\n<p>Se trata de la segunda edici\u00f3n de un libro de 155 p\u00e1ginas.<\/p>\n<p>Chubut es una provincia donde el agua es cada vez m\u00e1s escasa para la poblaci\u00f3n. Entre el 15 y el 21 de diciembre del a\u00f1o 2021 sucedieron en la provincia una serie de masivas movilizaciones populares contra una ley que habilitaba la megaminer\u00eda aprobada por el gobernador Mariano Arcioni. La megaminer\u00eda, o miner\u00eda a gran escala, es una actividad hist\u00f3ricamente resistida por la poblaci\u00f3n, justamente por su utilizaci\u00f3n intensiva del agua y su potencial contaminante. Un antecedente clave en el proceso fue el arrollador plebiscito de Esquel en el a\u00f1o 2003, que tom\u00f3 como consignas el &#8220;No a la Mina&#8221;, &#8220;El agua vale m\u00e1s que el oro&#8221; y el &#8220;No es no&#8221;. Este libro es una cr\u00f3nica de aquellos d\u00edas, en voz de quienes fueron protagonistas de los hechos. Con m\u00e1s de cincuenta entrevistas realizadas entre enero y marzo de 2022&#8243;.<\/p>\n<p>\u201cEn este contexto, donde se aprob\u00f3 la ley de Bases y el RIGI, donde se pretende que el pa\u00eds va a salir de la situaci\u00f3n de pobreza cuando lleguen grandes inversiones, las provincias de Chubut y Santa Cruz demostraron que no es as\u00ed; que la riqueza no derrama m\u00e1gicamente y que hay sectores econ\u00f3micos y pol\u00edticos interesados que dejan el saqueo, la pobreza y la contaminaci\u00f3n\u201d, expres\u00f3 Martin Ulacia en di\u00e1logo con medios de comunicaci\u00f3n locales.<\/p>\n<p>Aqu\u00ed refleja lo que fue la resistencia de un pueblo.<\/p>\n<p>Tras la consulta period\u00edstica, Ulacia manifest\u00f3 que presentar su libro le trajo problemas. \u201cHubo pol\u00edticos que no me respondieron m\u00e1s el tel\u00e9fono. No lleg\u00f3 a nada amenazante, fue tan grande la pueblada que los sectores que podr\u00edan apretar se abstuvieron\u201d, indic\u00f3.<\/p>\n","protected":false},"excerpt":{"rendered":"<p>El periodista chubutense realiz\u00f3 la presentaci\u00f3n de su libro en Caleta Olivia. \u201cNo fue no. Una cr\u00f3nica del Chubutazo\u201d cuenta<\/p>\n","protected":false},"author":8,"featured_media":21043,"comment_status":"closed","ping_status":"closed","sticky":false,"template":"","format":"standard","meta":{"footnotes":""},"categories":[35],"tags":[],"class_list":["post-21042","post","type-post","status-publish","format-standard","has-post-thumbnail","hentry","category-sociedad"],"_links":{"self":[{"href":"https:\/\/ecosdelsur.com\/index.php?rest_route=\/wp\/v2\/posts\/21042","targetHints":{"allow":["GET"]}}],"collection":[{"href":"https:\/\/ecosdelsur.com\/index.php?rest_route=\/wp\/v2\/posts"}],"about":[{"href":"https:\/\/ecosdelsur.com\/index.php?rest_route=\/wp\/v2\/types\/post"}],"author":[{"embeddable":true,"href":"https:\/\/ecosdelsur.com\/index.php?rest_route=\/wp\/v2\/users\/8"}],"replies":[{"embeddable":true,"href":"https:\/\/ecosdelsur.com\/index.php?rest_route=%2Fwp%2Fv2%2Fcomments&post=21042"}],"version-history":[{"count":0,"href":"https:\/\/ecosdelsur.com\/index.php?rest_route=\/wp\/v2\/posts\/21042\/revisions"}],"wp:featuredmedia":[{"embeddable":true,"href":"https:\/\/ecosdelsur.com\/index.php?rest_route=\/wp\/v2\/media\/21043"}],"wp:attachment":[{"href":"https:\/\/ecosdelsur.com\/index.php?rest_route=%2Fwp%2Fv2%2Fmedia&parent=21042"}],"wp:term":[{"taxonomy":"category","embeddable":true,"href":"https:\/\/ecosdelsur.com\/index.php?rest_route=%2Fwp%2Fv2%2Fcategories&post=21042"},{"taxonomy":"post_tag","embeddable":true,"href":"https:\/\/ecosdelsur.com\/index.php?rest_route=%2Fwp%2Fv2%2Ftags&post=21042"}],"curies":[{"name":"wp","href":"https:\/\/api.w.org\/{rel}","templated":true}]}}