{"id":21034,"date":"2024-07-10T16:48:45","date_gmt":"2024-07-10T16:48:45","guid":{"rendered":"https:\/\/ecosdelsur.com\/?p=21034"},"modified":"2024-07-10T16:48:59","modified_gmt":"2024-07-10T16:48:59","slug":"santa-cruz-asistio-a-las-jornadas-federales-de-industrias-culturales-e-innovacion","status":"publish","type":"post","link":"https:\/\/ecosdelsur.com\/?p=21034","title":{"rendered":"Santa Cruz asisti\u00f3 a las Jornadas Federales de Industrias Culturales e Innovaci\u00f3n"},"content":{"rendered":"<div class=\"itemToolbar2\">\n<p><span class=\"itemDateCreated\">Mi\u00e9rcoles, 10 Julio 2024 &#8211; <\/span>La Secretar\u00eda de Estado de Cultura, dependiente del Ministerio de Gobierno de Santa Cruz, present\u00f3 el proyecto de creaci\u00f3n de la Ruta Cultural Tur\u00edstica en este evento que fuera organizado por el Consejo Federal de Inversiones (CFI).<img decoding=\"async\" class=\"alignnone size-full wp-image-21040 lazyload\" data-src=\"https:\/\/ecosdelsur.com\/wp-content\/uploads\/2024\/07\/CFI_JIF_IICC_DIA_2_-160_1-1.jpg\" alt=\"\" width=\"640\" height=\"368\" data-srcset=\"https:\/\/ecosdelsur.com\/wp-content\/uploads\/2024\/07\/CFI_JIF_IICC_DIA_2_-160_1-1.jpg 640w, https:\/\/ecosdelsur.com\/wp-content\/uploads\/2024\/07\/CFI_JIF_IICC_DIA_2_-160_1-1-300x173.jpg 300w\" data-sizes=\"(max-width: 640px) 100vw, 640px\" src=\"data:image\/svg+xml;base64,PHN2ZyB3aWR0aD0iMSIgaGVpZ2h0PSIxIiB4bWxucz0iaHR0cDovL3d3dy53My5vcmcvMjAwMC9zdmciPjwvc3ZnPg==\" style=\"--smush-placeholder-width: 640px; --smush-placeholder-aspect-ratio: 640\/368;\" \/><\/p>\n<\/div>\n<div class=\"itemFullText\">\n<p>El mimos\u00a0se llev\u00f3 a cabo en el Observatorio UNESCO Villa Ocampo, en Buenos Aires.<\/p>\n<p dir=\"ltr\">En las Jornadas de Integraci\u00f3n del Programa Federal de Formaci\u00f3n en Industrias Culturales e Innovaci\u00f3n, Santa Cruz estuvo representada por el secretario de Estado de Cultura, Adriel Ramos, y Estefan\u00eda Santiba\u00f1ez, participante del programa por la provincia. <img decoding=\"async\" class=\"alignnone size-full wp-image-21038 lazyload\" data-src=\"https:\/\/ecosdelsur.com\/wp-content\/uploads\/2024\/07\/CFI_JIF_IICC_DIA_1_-162-1.jpg\" alt=\"\" width=\"640\" height=\"353\" data-srcset=\"https:\/\/ecosdelsur.com\/wp-content\/uploads\/2024\/07\/CFI_JIF_IICC_DIA_1_-162-1.jpg 640w, https:\/\/ecosdelsur.com\/wp-content\/uploads\/2024\/07\/CFI_JIF_IICC_DIA_1_-162-1-300x165.jpg 300w\" data-sizes=\"(max-width: 640px) 100vw, 640px\" src=\"data:image\/svg+xml;base64,PHN2ZyB3aWR0aD0iMSIgaGVpZ2h0PSIxIiB4bWxucz0iaHR0cDovL3d3dy53My5vcmcvMjAwMC9zdmciPjwvc3ZnPg==\" style=\"--smush-placeholder-width: 640px; --smush-placeholder-aspect-ratio: 640\/353;\" \/><\/p>\n<p>Durante el encuentro, Santa Cruz formul\u00f3 la propuesta de creaci\u00f3n de la Ruta Cultural Tur\u00edstica, un proyecto innovador que busca resaltar el atractivo de los productos textiles y de indumentaria del Programa de Recuperaci\u00f3n y Est\u00edmulo del Patrimonio Artesanal Provincial (PREPAP). Adem\u00e1s, se promover\u00e1 el desarrollo de productos de tradici\u00f3n santacruce\u00f1a, bajo una marca p\u00fablica santacruce\u00f1a, con la creaci\u00f3n de un sello de aval de patrimonio inmaterial.<\/p>\n<p>Las Jornadas de Integraci\u00f3n representan momentos de encuentro y aprendizaje territorial, profundizando los contenidos trabajados a lo largo del programa. Las actividades presenciales incluyen clases, talleres, din\u00e1micas grupales y visitas, brindando un espacio de integraci\u00f3n y desarrollo federal.<\/p>\n<p>El evento comenz\u00f3 con la bienvenida a cargo de Alcira Sandoval Ruiz, especialista de Cultura de la Oficina Regional de UNESCO en Montevideo, y la presentaci\u00f3n de la actividad por Marcela Cardillo, jefa del Departamento de Promoci\u00f3n y Desarrollo de Turismo e Industrias Culturales del CFI.<\/p>\n<p>Entre las capacitaciones m\u00e1s destacadas se encuentran: La implementaci\u00f3n de las competencias institucionales para la protecci\u00f3n de los bienes culturales, talleres sobre asistencias t\u00e9cnicas y financiamiento del CFI para las industrias culturales, as\u00ed como\u00a0la introducci\u00f3n al financiamiento y l\u00edneas de cr\u00e9dito CFI.<\/p>\n<p>La participaci\u00f3n de Santa Cruz en estas jornadas subraya el compromiso de la provincia con el desarrollo y la promoci\u00f3n de su patrimonio cultural. La creaci\u00f3n de la Ruta Cultural y el sello de aval de patrimonio inmaterial son pasos significativos hacia la valorizaci\u00f3n y preservaci\u00f3n de nuestras tradiciones.<\/p>\n<\/div>\n","protected":false},"excerpt":{"rendered":"<p>Mi\u00e9rcoles, 10 Julio 2024 &#8211; La Secretar\u00eda de Estado de Cultura, dependiente del Ministerio de Gobierno de Santa Cruz, present\u00f3<\/p>\n","protected":false},"author":8,"featured_media":21039,"comment_status":"closed","ping_status":"closed","sticky":false,"template":"","format":"standard","meta":{"footnotes":""},"categories":[39],"tags":[],"class_list":["post-21034","post","type-post","status-publish","format-standard","has-post-thumbnail","hentry","category-tecnologia"],"_links":{"self":[{"href":"https:\/\/ecosdelsur.com\/index.php?rest_route=\/wp\/v2\/posts\/21034","targetHints":{"allow":["GET"]}}],"collection":[{"href":"https:\/\/ecosdelsur.com\/index.php?rest_route=\/wp\/v2\/posts"}],"about":[{"href":"https:\/\/ecosdelsur.com\/index.php?rest_route=\/wp\/v2\/types\/post"}],"author":[{"embeddable":true,"href":"https:\/\/ecosdelsur.com\/index.php?rest_route=\/wp\/v2\/users\/8"}],"replies":[{"embeddable":true,"href":"https:\/\/ecosdelsur.com\/index.php?rest_route=%2Fwp%2Fv2%2Fcomments&post=21034"}],"version-history":[{"count":0,"href":"https:\/\/ecosdelsur.com\/index.php?rest_route=\/wp\/v2\/posts\/21034\/revisions"}],"wp:featuredmedia":[{"embeddable":true,"href":"https:\/\/ecosdelsur.com\/index.php?rest_route=\/wp\/v2\/media\/21039"}],"wp:attachment":[{"href":"https:\/\/ecosdelsur.com\/index.php?rest_route=%2Fwp%2Fv2%2Fmedia&parent=21034"}],"wp:term":[{"taxonomy":"category","embeddable":true,"href":"https:\/\/ecosdelsur.com\/index.php?rest_route=%2Fwp%2Fv2%2Fcategories&post=21034"},{"taxonomy":"post_tag","embeddable":true,"href":"https:\/\/ecosdelsur.com\/index.php?rest_route=%2Fwp%2Fv2%2Ftags&post=21034"}],"curies":[{"name":"wp","href":"https:\/\/api.w.org\/{rel}","templated":true}]}}