{"id":21031,"date":"2024-07-10T04:48:10","date_gmt":"2024-07-10T04:48:10","guid":{"rendered":"https:\/\/ecosdelsur.com\/?p=21031"},"modified":"2024-07-10T04:48:10","modified_gmt":"2024-07-10T04:48:10","slug":"varela-este-es-un-hospital-de-todos-los-santacrucenos","status":"publish","type":"post","link":"https:\/\/ecosdelsur.com\/?p=21031","title":{"rendered":"Varela: \u201cEste es un hospital de todos los santacruce\u00f1os\u201d"},"content":{"rendered":"<div class=\"itemToolbar2\">\n<p><span class=\"itemDateCreated\">Martes, 09 Julio 2024 &#8211; <\/span>As\u00ed lo manifest\u00f3 el ministro de Salud y Ambiente, Ariel Varela, en el marco de la conferencia de prensa brindada este martes en el auditorio del Hospital Regional R\u00edo Gallegos. Adem\u00e1s, explic\u00f3 las inversiones que se han realizado durante estos meses para el nosocomio.<\/p>\n<\/div>\n<div class=\"itemFullText\">\n<p>Al respecto, el titular de la cartera Sanitaria declar\u00f3 ante los medios presentes: \u201cEste no es un hospital del gobernador ni del ministro; es hospital del pueblo de los santacruce\u00f1os. La gente mal intencionada est\u00e1 haciendo da\u00f1o tanto a este nosocomio como a Santa Cruz\u201d.<\/p>\n<p>\u201cEn estos siete meses, venimos trabajando arduamente para poder sacar el sistema de salud, no solamente ac\u00e1 en la ciudad de R\u00edo Gallegos, sino en toda la provincia. Hemos encontrado un ministerio y hospitales devastados en insumo; infraestructura y mantenimiento. La verdad, hubo una desinversi\u00f3n de 30 a\u00f1os que nunca invirtieron en los hospitales y en la salud p\u00fablica provincial\u201d, sostuvo.<\/p>\n<p>Asimismo, el ministro de Salud y Ambiente se\u00f1al\u00f3: \u201cNosotros estamos ac\u00e1 para enfrentar los problemas y dar la cara, es por ello que quiero agradecer a toda la gente de mantenimiento, al equipo de trabajo que trabajan 24\/7 para sacar esto adelante. Hemos tenido problemas de caldera, cuando estas explotaban, sabotaje de agua porque nos han cerrado las v\u00e1lvulas y con esto no llega el agua para los enfermos\u201d.<br \/>\nInversiones<\/p>\n<p>Por otra parte, Varela explic\u00f3 las inversiones que se han realizado durante estos meses para el hospital: \u201cEn el hospital de R\u00edo Gallego hemos invertido m\u00e1s de 1.200 millones de pesos en insumos; bienes de uso tales como lavarropa; maquinaria de hemodi\u00e1lisis, m\u00e1s de 100 millones de pesos. En farmacias externas hemos invertido m\u00e1s de 400 millones de pesos. A su vez, en mantenimiento, urgencias y todo lo que eso conlleva que pr\u00e1cticamente han sido m\u00e1s de 100 millones de pesos en cisternas; calderas; herramientas del sector\u201d.<\/p>\n<p>\u201cLos recursos est\u00e1n y los estamos trasladando a los hospitales. Cabe destacar que tambi\u00e9n invertimos en cooperativas para poder darle trabajo en mantenimiento de limpieza, m\u00e1s de 60 millones de pesos mensuales. En m\u00e9dicos itinerantes, m\u00e1s de 120 millones. O sea, la inversi\u00f3n es enorme y necesitamos seguir invirtiendo\u201d, detall\u00f3.<\/p>\n<p>En este sentido, el funcionario provincial agreg\u00f3: \u201cEstamos dispuestos a trabajar en conjunto, pero que por favor dejen al hospital en paz, d\u00e9jennos trabajar y al mismo tiempo, gobernar\u201d.<\/p>\n<p><b>Responsables del sabotaje<\/b><\/p>\n<p>Por \u00faltimo, Varela, declar\u00f3 sobre la identificaci\u00f3n de los responsables y las medidas que tomar\u00e1n respecto a lo acontecido. \u201cNosotros estamos con la asesor\u00eda letrada, con los equipos de vigilancia y ya tenemos identificado varias personas, donde ma\u00f1ana vamos a presentar con las pruebas ante la justicia provincial, como tambi\u00e9n estamos hablando con la justicia federal, para poder presentar todas aquellas denuncias\u201d, cerr\u00f3<\/p>\n<\/div>\n","protected":false},"excerpt":{"rendered":"<p>Martes, 09 Julio 2024 &#8211; As\u00ed lo manifest\u00f3 el ministro de Salud y Ambiente, Ariel Varela, en el marco de<\/p>\n","protected":false},"author":8,"featured_media":21032,"comment_status":"closed","ping_status":"closed","sticky":false,"template":"","format":"standard","meta":{"footnotes":""},"categories":[33],"tags":[],"class_list":["post-21031","post","type-post","status-publish","format-standard","has-post-thumbnail","hentry","category-politica"],"_links":{"self":[{"href":"https:\/\/ecosdelsur.com\/index.php?rest_route=\/wp\/v2\/posts\/21031","targetHints":{"allow":["GET"]}}],"collection":[{"href":"https:\/\/ecosdelsur.com\/index.php?rest_route=\/wp\/v2\/posts"}],"about":[{"href":"https:\/\/ecosdelsur.com\/index.php?rest_route=\/wp\/v2\/types\/post"}],"author":[{"embeddable":true,"href":"https:\/\/ecosdelsur.com\/index.php?rest_route=\/wp\/v2\/users\/8"}],"replies":[{"embeddable":true,"href":"https:\/\/ecosdelsur.com\/index.php?rest_route=%2Fwp%2Fv2%2Fcomments&post=21031"}],"version-history":[{"count":0,"href":"https:\/\/ecosdelsur.com\/index.php?rest_route=\/wp\/v2\/posts\/21031\/revisions"}],"wp:featuredmedia":[{"embeddable":true,"href":"https:\/\/ecosdelsur.com\/index.php?rest_route=\/wp\/v2\/media\/21032"}],"wp:attachment":[{"href":"https:\/\/ecosdelsur.com\/index.php?rest_route=%2Fwp%2Fv2%2Fmedia&parent=21031"}],"wp:term":[{"taxonomy":"category","embeddable":true,"href":"https:\/\/ecosdelsur.com\/index.php?rest_route=%2Fwp%2Fv2%2Fcategories&post=21031"},{"taxonomy":"post_tag","embeddable":true,"href":"https:\/\/ecosdelsur.com\/index.php?rest_route=%2Fwp%2Fv2%2Ftags&post=21031"}],"curies":[{"name":"wp","href":"https:\/\/api.w.org\/{rel}","templated":true}]}}