{"id":21025,"date":"2024-07-10T04:38:13","date_gmt":"2024-07-10T04:38:13","guid":{"rendered":"https:\/\/ecosdelsur.com\/?p=21025"},"modified":"2024-07-10T04:38:13","modified_gmt":"2024-07-10T04:38:13","slug":"alvarez-hablo-del-pacto-de-mayo-y-de-la-emergencia-climatica","status":"publish","type":"post","link":"https:\/\/ecosdelsur.com\/?p=21025","title":{"rendered":"\u00c1lvarez habl\u00f3 del Pacto de Mayo y de la emergencia clim\u00e1tica"},"content":{"rendered":"<p><span style=\"font-size: 16px;\">Al celebrarse un nuevo aniversario del D\u00eda de la Independencia, funcionarios provinciales y municipales compartieron un desayuno de camarader\u00eda en las instalaciones del Casino del Ej\u00e9rcito Argentino en R\u00edo Gallegos.<img decoding=\"async\" class=\"alignnone size-full wp-image-21027 lazyload\" data-src=\"https:\/\/ecosdelsur.com\/wp-content\/uploads\/2024\/07\/Acto_9_de_Julio_4-1.jpeg\" alt=\"\" width=\"1024\" height=\"551\" data-srcset=\"https:\/\/ecosdelsur.com\/wp-content\/uploads\/2024\/07\/Acto_9_de_Julio_4-1.jpeg 1024w, https:\/\/ecosdelsur.com\/wp-content\/uploads\/2024\/07\/Acto_9_de_Julio_4-1-300x161.jpeg 300w, https:\/\/ecosdelsur.com\/wp-content\/uploads\/2024\/07\/Acto_9_de_Julio_4-1-768x413.jpeg 768w\" data-sizes=\"(max-width: 1024px) 100vw, 1024px\" src=\"data:image\/svg+xml;base64,PHN2ZyB3aWR0aD0iMSIgaGVpZ2h0PSIxIiB4bWxucz0iaHR0cDovL3d3dy53My5vcmcvMjAwMC9zdmciPjwvc3ZnPg==\" style=\"--smush-placeholder-width: 1024px; --smush-placeholder-aspect-ratio: 1024\/551;\" \/><\/span><\/p>\n<div class=\"itemFullText\">\n<p><span class=\"s2\"><span class=\"bumpedFont15\">En la ocasi\u00f3n, el jefe de Gabinete, Daniel \u00c1lvarez,\u00a0<\/span><\/span><span class=\"s2\"><span class=\"bumpedFont15\">opin\u00f3 sobre la firma del denominado Pacto de Mayor que tuvo lugar anoche en Tucum\u00e1n, entre el Presidente de la Naci\u00f3n, Javier\u00a0<\/span><\/span><span class=\"s2\"><span class=\"bumpedFont15\">Milei<\/span><\/span><span class=\"s2\"><span class=\"bumpedFont15\">, y diecinueve gobernadores de nuestro pa\u00eds que suscribieron este documento para poner en marcha diferentes pol\u00edticas sociales y econ\u00f3micas, a ser aplicadas en un futuro inmediato.<\/span><\/span><\/p>\n<p class=\"s4\"><span class=\"s2\"><span class=\"bumpedFont15\">\u201cLo importante es la expectativa que se gener\u00f3\u201d, se\u00f1al\u00f3, al tiempo que rescat\u00f3 que la propuesta del Ejecutivo nacional \u201c<\/span><\/span><span class=\"s2\"><span class=\"bumpedFont15\">apunta a\u00fa<\/span><\/span><span class=\"s2\"><span class=\"bumpedFont15\">n nuevo ordenamiento. Para bien o para mal<\/span><\/span><span class=\"s2\"><span class=\"bumpedFont15\">, estimo que estamos dentro de un proceso donde estamos necesitando una mirada nueva\u201d.<\/span><\/span><\/p>\n<p class=\"s4\"><span class=\"s2\"><span class=\"bumpedFont15\">Consultado si se podr\u00eda hablar de una Patagonia dividida, ya que no asistieron a la convocatoria ni el gobernador de Santa Cruz, Claudio Vidal, ni el de Tierra del Fuego, Gustavo\u00a0<\/span><\/span><span class=\"s2\"><span class=\"bumpedFont15\">Melella<\/span><\/span><span class=\"s2\"><span class=\"bumpedFont15\">, pero s\u00ed el mandatario provincial de Chubut, Ignacio Torres; \u00c1lvarez<\/span><\/span><span class=\"s2\"><span class=\"bumpedFont15\">\u00a0se\u00f1al\u00f3 que son gestos particulares y decisiones que toman los mandatarios provinciales siempre pensando en los intereses de sus habitantes<\/span><\/span><\/p>\n<p class=\"s4\"><span class=\"s2\"><span class=\"bumpedFont15\">\u201cNosotros \u2013enfatiz\u00f3- tenemos un Gobernador que piensa en Santa Cruz y lo vemos permanentemente, conversando y ejemplo de ellos es lo que est\u00e1 pasando este invierno, donde la decisi\u00f3n fue asumir las responsabilidades pero tambi\u00e9n abrir un camino de di\u00e1logo con el gobierno nacional, para atender a la gente\u201d.<\/span><\/span><\/p>\n<p class=\"s4\"><span class=\"s2\"><span class=\"bumpedFont15\">\u201cAlgo que no ocurr\u00eda hace d\u00e9cadas\u201d agreg\u00f3, en tanto, insisti\u00f3 en que \u201cson formas. Cada gobernador prioriza criterios que en su forma de pesar son beneficiosos para los habitantes de la provincia de dirige\u201d.<\/span><\/span><\/p>\n<p class=\"s4\"><span class=\"s2\"><span class=\"bumpedFont15\">Consultado sobre la emergencia clim\u00e1tica<\/span><\/span><span class=\"s2\"><span class=\"bumpedFont15\">\u00a0dijo que \u201cexiste la posibilidad de declarar, por parte de la Naci\u00f3n, Zona de Desastre a Santa Cruz. Creo que esto va de la mano con la declaraci\u00f3n de emergencia que hicimos\u00a0<\/span><\/span><span class=\"s2\"><span class=\"bumpedFont15\">nosotros hace unos d\u00edas y por eso constituimos el Comit\u00e9 de Operaciones de Emergencias (C.O.E.)\u201d.<\/span><\/span><\/p>\n<p class=\"s4\"><span class=\"s2\"><span class=\"bumpedFont15\">\u201cEs un invierno at\u00edpico y tenemos que enfrentarlo con todos los elementos a nuestro alcance. Por lo tanto no es una idea descabellada\u201d, concluy\u00f3.<\/span><\/span><\/p>\n<\/div>\n","protected":false},"excerpt":{"rendered":"<p>Al celebrarse un nuevo aniversario del D\u00eda de la Independencia, funcionarios provinciales y municipales compartieron un desayuno de camarader\u00eda en<\/p>\n","protected":false},"author":8,"featured_media":21026,"comment_status":"closed","ping_status":"closed","sticky":false,"template":"","format":"standard","meta":{"footnotes":""},"categories":[33],"tags":[],"class_list":["post-21025","post","type-post","status-publish","format-standard","has-post-thumbnail","hentry","category-politica"],"_links":{"self":[{"href":"https:\/\/ecosdelsur.com\/index.php?rest_route=\/wp\/v2\/posts\/21025","targetHints":{"allow":["GET"]}}],"collection":[{"href":"https:\/\/ecosdelsur.com\/index.php?rest_route=\/wp\/v2\/posts"}],"about":[{"href":"https:\/\/ecosdelsur.com\/index.php?rest_route=\/wp\/v2\/types\/post"}],"author":[{"embeddable":true,"href":"https:\/\/ecosdelsur.com\/index.php?rest_route=\/wp\/v2\/users\/8"}],"replies":[{"embeddable":true,"href":"https:\/\/ecosdelsur.com\/index.php?rest_route=%2Fwp%2Fv2%2Fcomments&post=21025"}],"version-history":[{"count":0,"href":"https:\/\/ecosdelsur.com\/index.php?rest_route=\/wp\/v2\/posts\/21025\/revisions"}],"wp:featuredmedia":[{"embeddable":true,"href":"https:\/\/ecosdelsur.com\/index.php?rest_route=\/wp\/v2\/media\/21026"}],"wp:attachment":[{"href":"https:\/\/ecosdelsur.com\/index.php?rest_route=%2Fwp%2Fv2%2Fmedia&parent=21025"}],"wp:term":[{"taxonomy":"category","embeddable":true,"href":"https:\/\/ecosdelsur.com\/index.php?rest_route=%2Fwp%2Fv2%2Fcategories&post=21025"},{"taxonomy":"post_tag","embeddable":true,"href":"https:\/\/ecosdelsur.com\/index.php?rest_route=%2Fwp%2Fv2%2Ftags&post=21025"}],"curies":[{"name":"wp","href":"https:\/\/api.w.org\/{rel}","templated":true}]}}