{"id":20932,"date":"2024-07-08T16:58:02","date_gmt":"2024-07-08T16:58:02","guid":{"rendered":"https:\/\/ecosdelsur.com\/?p=20932"},"modified":"2024-07-08T16:58:02","modified_gmt":"2024-07-08T16:58:02","slug":"caleta-olivia-choque-y-vuelco-en-el-barrio-26-de-junio","status":"publish","type":"post","link":"https:\/\/ecosdelsur.com\/?p=20932","title":{"rendered":"Caleta Olivia: Choque y vuelco en el barrio 26 de Junio."},"content":{"rendered":"<p>El accidente vial se registr\u00f3 alrededor de las 10.30 de este lunes en Alvear y 13 de Diciembre, una esquina del barrio 26 de Junio de Caleta Olivia donde son frecuentes los choques de veh\u00edculos.<img decoding=\"async\" class=\"alignnone size-full wp-image-20933 lazyload\" data-src=\"https:\/\/ecosdelsur.com\/wp-content\/uploads\/2024\/07\/WhatsApp-Image-2024-07-08-at-12.00.36.jpeg\" alt=\"\" width=\"795\" height=\"473\" data-srcset=\"https:\/\/ecosdelsur.com\/wp-content\/uploads\/2024\/07\/WhatsApp-Image-2024-07-08-at-12.00.36.jpeg 795w, https:\/\/ecosdelsur.com\/wp-content\/uploads\/2024\/07\/WhatsApp-Image-2024-07-08-at-12.00.36-300x178.jpeg 300w, https:\/\/ecosdelsur.com\/wp-content\/uploads\/2024\/07\/WhatsApp-Image-2024-07-08-at-12.00.36-768x457.jpeg 768w\" data-sizes=\"(max-width: 795px) 100vw, 795px\" src=\"data:image\/svg+xml;base64,PHN2ZyB3aWR0aD0iMSIgaGVpZ2h0PSIxIiB4bWxucz0iaHR0cDovL3d3dy53My5vcmcvMjAwMC9zdmciPjwvc3ZnPg==\" style=\"--smush-placeholder-width: 795px; --smush-placeholder-aspect-ratio: 795\/473;\" \/><\/p>\n<p>Fue protagonizado por Renault Kangoo de color rojo, dominio NWG 463 que transitaba por Alvear guiado por Carlos Sulivan de 57 a\u00f1os, sin acompa\u00f1antes, siendo chocado en su lateral izquierdo por otro rodado que lo hac\u00eda por la otra calle y la persona que lo conduc\u00eda se dio a la fuga.<\/p>\n<p>A consecuencia del impacto el utilitario perdi\u00f3 estabilidad, gir\u00f3 en U y volc\u00f3, quedando apoyado sobre uno de sus laterales con su frente en sentido contrario al que circulaba y con da\u00f1os materiales cuantiosos.<\/p>\n<p>Sulivan sufri\u00f3 lesiones leves en una de sus manos y fue asistido por un equipo de emergencias m\u00e9dicas del Hospital Zonal que lleg\u00f3 al lugar en pocos minutos.<\/p>\n<p>Tambi\u00e9n lo hicieron efectivos policiales y una dotaci\u00f3n de bomberos de la Unidad 5\u00aa quienes procedieron a desconectar la bater\u00eda para evitar riesgos adicionales<\/p>\n","protected":false},"excerpt":{"rendered":"<p>El accidente vial se registr\u00f3 alrededor de las 10.30 de este lunes en Alvear y 13 de Diciembre, una esquina<\/p>\n","protected":false},"author":8,"featured_media":20933,"comment_status":"closed","ping_status":"closed","sticky":false,"template":"","format":"standard","meta":{"footnotes":""},"categories":[36],"tags":[],"class_list":["post-20932","post","type-post","status-publish","format-standard","has-post-thumbnail","hentry","category-policiales"],"_links":{"self":[{"href":"https:\/\/ecosdelsur.com\/index.php?rest_route=\/wp\/v2\/posts\/20932","targetHints":{"allow":["GET"]}}],"collection":[{"href":"https:\/\/ecosdelsur.com\/index.php?rest_route=\/wp\/v2\/posts"}],"about":[{"href":"https:\/\/ecosdelsur.com\/index.php?rest_route=\/wp\/v2\/types\/post"}],"author":[{"embeddable":true,"href":"https:\/\/ecosdelsur.com\/index.php?rest_route=\/wp\/v2\/users\/8"}],"replies":[{"embeddable":true,"href":"https:\/\/ecosdelsur.com\/index.php?rest_route=%2Fwp%2Fv2%2Fcomments&post=20932"}],"version-history":[{"count":0,"href":"https:\/\/ecosdelsur.com\/index.php?rest_route=\/wp\/v2\/posts\/20932\/revisions"}],"wp:featuredmedia":[{"embeddable":true,"href":"https:\/\/ecosdelsur.com\/index.php?rest_route=\/wp\/v2\/media\/20933"}],"wp:attachment":[{"href":"https:\/\/ecosdelsur.com\/index.php?rest_route=%2Fwp%2Fv2%2Fmedia&parent=20932"}],"wp:term":[{"taxonomy":"category","embeddable":true,"href":"https:\/\/ecosdelsur.com\/index.php?rest_route=%2Fwp%2Fv2%2Fcategories&post=20932"},{"taxonomy":"post_tag","embeddable":true,"href":"https:\/\/ecosdelsur.com\/index.php?rest_route=%2Fwp%2Fv2%2Ftags&post=20932"}],"curies":[{"name":"wp","href":"https:\/\/api.w.org\/{rel}","templated":true}]}}