{"id":20928,"date":"2024-07-08T05:23:31","date_gmt":"2024-07-08T05:23:31","guid":{"rendered":"https:\/\/ecosdelsur.com\/?p=20928"},"modified":"2024-07-08T05:23:49","modified_gmt":"2024-07-08T05:23:49","slug":"buscan-declarar-la-emergencia-economica-en-chubut-y-santa-cruz","status":"publish","type":"post","link":"https:\/\/ecosdelsur.com\/?p=20928","title":{"rendered":"Buscan declarar la emergencia econ\u00f3mica en Chubut y Santa Cruz"},"content":{"rendered":"<p><strong>Debido a la situaci\u00f3n clim\u00e1tica adversa en ambas provincias, las diputadas nacionales Ana<\/strong><br \/>\n<strong>Mar\u00eda Ianni y Eugenia Alianiello elevaron una iniciativa con el fin de mitigar el impacto<\/strong><br \/>\n<strong>econ\u00f3mico, social, alimentario, sanitario y dem\u00e1s consecuencias derivadas de este fen\u00f3meno<\/strong><\/p>\n<p>El Proyecto solicita declarar zona de desastre y de emergencia econo\u0301mica, productiva, vial,<br \/>\nrural, de comunicacio\u0301n y social, por el plazo de noventa d\u00edas, las provincias de Chubut y Santa<br \/>\nCruz, afectadas por bajas temperaturas extremas e intensas nevadas que vienen padeciendo<br \/>\ndesde junio del corriente a\u00f1o.<\/p>\n<p>Ianni explica que esta situaci\u00f3n \u201cviene produciendo situaciones desastrosas en numerosas<br \/>\nzonas rurales y urbanas, afectando el tr\u00e1nsito en rutas, ejido urbano y el normal desarrollo de<br \/>\nlas actividades educativas\u201d.<\/p>\n<p>El sector ganadero en particular se ve altamente perjudicado, con la consecuencia de p\u00e9rdida<br \/>\nde hacienda y retraso en la temporada de esquila. S\u00f3lo en Santa Cruz se estima que un mill\u00f3n<br \/>\nde ovejas y m\u00e1s de 40 mil vacas est\u00e1n en riesgo.<\/p>\n<p>Mediante la iniciativa se solicita al Poder Ejecutivo Nacional la creaci\u00f3n de un fondo especial de<br \/>\nasistencia para el otorgamiento de cre\u0301ditos a tasa 0% para los perjudicados, instrumentar<br \/>\nregi\u0301menes especiales de pago de las obligaciones impositivas y previsionales a cargo de la AFIP<br \/>\ny la ANSES, y la suspensi\u00f3n de juicios de ejecuci\u00f3n fiscal para el cobro de impuestos<br \/>\nadeudados, mientras dure la emergencia.<\/p>\n<p>\u201cEs necesario que el Gobierno nacional tome las medidas necesarias y brinde tanto apoyo<br \/>\necon\u00f3mico como soluciones espec\u00edficas a las diversas problem\u00e1ticas que acontecen en las<br \/>\nprovincias se\u00f1aladas, luego del temporal de nieve y las condiciones clim\u00e1ticas adversas de los<br \/>\nque no se ten\u00eda registro desde hace m\u00e1s de cien a\u00f1os\u201d concluy\u00f3 Ianni.<\/p>\n<p><strong>Dictamen por el Fondo Nacional de Turismo<\/strong><\/p>\n<p>En la Comisi\u00f3n de Turismo de la C\u00e1mara de Diputados de la Naci\u00f3n, avanz\u00f3 la iniciativa de<br \/>\nautor\u00eda de la diputada Ana Mar\u00eda Ianni que solicita al Poder Ejecutivo Nacional tener en cuenta<br \/>\nen el Presupuesto Nacional la incorporaci\u00f3n de la pr\u00f3rroga de la vigencia del Fondo Nacional<br \/>\nde Turismo por el t\u00e9rmino de diez a\u00f1os a partir del 2025.<\/p>\n<p>\u201cEl objetivo de esta medida es garantizar, con la debida antelaci\u00f3n, la continuidad del Fondo<br \/>\nNacional de Turismo como herramienta de financiamiento de las acciones y pol\u00edticas p\u00fablicas<br \/>\npara la actividad tur\u00edstica\u201d expres\u00f3 la legisladora, \u201cm\u00e1s a\u00fan ante la incertidumbre que genera el<br \/>\nfuturo de la actividad con una cartera que fue degradada, cambia de \u00f3rbita constantemente, y<br \/>\nahora queda bajo el ala del nuevo ministerio que parece tener el claro objetivo de destruir,<br \/>\ndesfinanciar y terminar con todas las pol\u00edticas p\u00fablicas que llevaron a\u00f1os de esfuerzo y<br \/>\nconstrucci\u00f3n\u201d.<\/p>\n","protected":false},"excerpt":{"rendered":"<p>Debido a la situaci\u00f3n clim\u00e1tica adversa en ambas provincias, las diputadas nacionales Ana Mar\u00eda Ianni y Eugenia Alianiello elevaron una<\/p>\n","protected":false},"author":8,"featured_media":20929,"comment_status":"closed","ping_status":"closed","sticky":false,"template":"","format":"standard","meta":{"footnotes":""},"categories":[33],"tags":[],"class_list":["post-20928","post","type-post","status-publish","format-standard","has-post-thumbnail","hentry","category-politica"],"_links":{"self":[{"href":"https:\/\/ecosdelsur.com\/index.php?rest_route=\/wp\/v2\/posts\/20928","targetHints":{"allow":["GET"]}}],"collection":[{"href":"https:\/\/ecosdelsur.com\/index.php?rest_route=\/wp\/v2\/posts"}],"about":[{"href":"https:\/\/ecosdelsur.com\/index.php?rest_route=\/wp\/v2\/types\/post"}],"author":[{"embeddable":true,"href":"https:\/\/ecosdelsur.com\/index.php?rest_route=\/wp\/v2\/users\/8"}],"replies":[{"embeddable":true,"href":"https:\/\/ecosdelsur.com\/index.php?rest_route=%2Fwp%2Fv2%2Fcomments&post=20928"}],"version-history":[{"count":0,"href":"https:\/\/ecosdelsur.com\/index.php?rest_route=\/wp\/v2\/posts\/20928\/revisions"}],"wp:featuredmedia":[{"embeddable":true,"href":"https:\/\/ecosdelsur.com\/index.php?rest_route=\/wp\/v2\/media\/20929"}],"wp:attachment":[{"href":"https:\/\/ecosdelsur.com\/index.php?rest_route=%2Fwp%2Fv2%2Fmedia&parent=20928"}],"wp:term":[{"taxonomy":"category","embeddable":true,"href":"https:\/\/ecosdelsur.com\/index.php?rest_route=%2Fwp%2Fv2%2Fcategories&post=20928"},{"taxonomy":"post_tag","embeddable":true,"href":"https:\/\/ecosdelsur.com\/index.php?rest_route=%2Fwp%2Fv2%2Ftags&post=20928"}],"curies":[{"name":"wp","href":"https:\/\/api.w.org\/{rel}","templated":true}]}}